{"id":81329,"date":"2016-02-23T23:20:26","date_gmt":"2016-02-24T02:20:26","guid":{"rendered":"http:\/\/www.redenoticia.com.br\/noticia\/?p=81329"},"modified":"2018-08-13T10:40:33","modified_gmt":"2018-08-13T13:40:33","slug":"bbb-16-votacao-em-ana-paula-e-juliana-movimenta-as-enquetes","status":"publish","type":"post","link":"https:\/\/migracao.redenoticia.com.br\/noticia\/2016\/bbb-16-votacao-em-ana-paula-e-juliana-movimenta-as-enquetes\/81329","title":{"rendered":"\u201cBBB\u201d 16: vota\u00e7\u00e3o em Ana Paula e Juliana movimentou as enquetes"},"content":{"rendered":"<p><a href=\"https:\/\/migracao.redenoticia.com.br\/noticia\/imagens\/bbb_enquete_votacao.jpg\"><img loading=\"lazy\" decoding=\"async\" class=\"alignleft size-medium wp-image-64479\" src=\"https:\/\/migracao.redenoticia.com.br\/noticia\/imagens\/bbb_enquete_votacao-187x187.jpg\" alt=\"bbb_enquete_votacao\" width=\"187\" height=\"187\" srcset=\"https:\/\/migracao.redenoticia.com.br\/noticia\/imagens\/bbb_enquete_votacao-187x187.jpg 187w, https:\/\/migracao.redenoticia.com.br\/noticia\/imagens\/bbb_enquete_votacao.jpg 300w, https:\/\/migracao.redenoticia.com.br\/noticia\/imagens\/bbb_enquete_votacao-150x150.jpg 150w, https:\/\/migracao.redenoticia.com.br\/noticia\/imagens\/bbb_enquete_votacao-110x110.jpg 110w, https:\/\/migracao.redenoticia.com.br\/noticia\/imagens\/bbb_enquete_votacao-50x50.jpg 50w\" sizes=\"auto, (max-width: 187px) 100vw, 187px\" \/><\/a><em><strong>\u201cBBB&#8221; 16 vota\u00e7\u00e3o enquete:<\/strong><\/em> em 23\/02, Juliana somou 6 pontos (Norte 64%; Nordeste 61%; Centro-Oeste 64%; Sudeste 60%; Sul 56%; SMS + fone 59%) e foi eliminada do programa. <\/p>\n<p>O Pared\u00e3o come\u00e7ou no programa ao vivo de 21\/02, Ana Paula usou o poder do Anjo e imunizou Ronan. <\/p>\n<p>Os L\u00edderes Tamiel e Renan indicaram Ana Paula para o pared\u00e3o. Na vota\u00e7\u00e3o da casa, Juliana recebeu 5 votos e tamb\u00e9m disputa o pared\u00e3o. <\/p>\n<p>Vota\u00e7\u00e3o da casa: Ana Paula, Ronan, Munik, Geralda e Matheus votaram na Juliana. Juliana e Ad\u00e9lia indicaram Munik. Cacau indicou Geralda. Pedro Bial deu largada na vota\u00e7\u00e3o do pared\u00e3o. <\/p>\n<p>A vota\u00e7\u00e3o aconteceu at\u00e9 o programa ao vivo da ter\u00e7a-feira, 23\/02. <\/p>\n<p>Evolu\u00e7\u00e3o da vota\u00e7\u00e3o na enquete Rede Not\u00edcia: Quem deve sair do \u201cBBB\u201d 16?<br \/>\n(22\/02 00h20) &#8211; Juliana 56,34%; Ana Paula 43,66%; 6.889 votos.<br \/>\n(22\/02 02h30) &#8211; Juliana 56,17%; Ana Paula 43,83%; 54.202 votos.<br \/>\n(22\/02 16h12) &#8211; Juliana 56,39%; Ana Paula 43,61%; 228.058 votos.<br \/>\n(22\/02 23h28) &#8211; Juliana 55,14%; Ana Paula 44,86%; 387.084 votos.<br \/>\n(23\/02 16h08) &#8211; Juliana 55,50%; Ana Paula 44,50%; 533.293 votos.<br \/>\n(23\/02 21h47) &#8211; Juliana 56,52%; Ana Paula 43,48%; 607.704 votos.<br \/>\n(23\/02 23h03) &#8211; Juliana 56,51%; Ana Paula 43,49%; 666.518 votos.<\/p>\n<p>Na Enquete Uol \u2013 Quem voc\u00ea acha que ser\u00e1 eliminado?<br \/>\n(22\/02 00h20) &#8211; Juliana 51,79%; Ana Paula 48,21%; 18.555 votos.<br \/>\n(22\/02 02h30) &#8211; Juliana 54,32%; Ana Paula 45,68%; 58.225 votos.<br \/>\n(22\/02 16h12) &#8211; Juliana 45,96%; Ana Paula 54,04%; 386.642 votos.<br \/>\n(22\/02 23h28) &#8211; Juliana 44,71%; Ana Paula 55,29%; 584.088 votos.<br \/>\n(23\/02 16h08) &#8211; Juliana 43,62%; Ana Paula 56,38%; 871.788 votos.<br \/>\n(23\/02 21h47) &#8211; Juliana 43,19%; Ana Paula 56,81%; 1.043.167 votos.<br \/>\n(23\/02 23h02) &#8211; Juliana 43,00%; Ana Paula 57,00%; 1.110.893 votos.<\/p>\n<p>A vota\u00e7\u00e3o oficial aconteceu no endere\u00e7o da\u00a0<a href=\"http:\/\/gshow.globo.com\/realities\/bbb\/\" target=\"_blank\">Rede Globo \u201cBBB&#8221; 16<\/a> at\u00e9 o programa de ter\u00e7a-feira, ao vivo.<\/p>\n<p>Fonte \u201cBBB&#8221; 16 \u2013 Vota\u00e7\u00e3o Enquete<\/p>\n<p>Not\u00edcias relacionadas:<br \/>\n\u201cBBB\u201d 16: <a href=\"https:\/\/migracao.redenoticia.com.br\/noticia\/2016\/bbb-16-resumo-dos-destaques-do-dia\/79970\">resumo dos destaques do dia<\/a><br \/>\n\u201cBBB\u201d 16: <a href=\"https:\/\/migracao.redenoticia.com.br\/noticia\/2016\/bbb-16-prova-da-comida\/80134\">prova da comida<\/a><br \/>\n\u201cBBB\u201d 16: <a href=\"https:\/\/migracao.redenoticia.com.br\/noticia\/2016\/bbb-16-prova-do-anjo-e-castigo-do-monstro\/80057\">prova do anjo e castigo do monstro<\/a><br \/>\n\u201cBBB\u201d 16 enquete: <a href=\"https:\/\/migracao.redenoticia.com.br\/noticia\/2016\/bbb-16-vote-no-seu-brother-preferido\/79978\">vote no seu brother preferido<\/a><\/p>\n<p>&#8212;<br \/>\nConcorrentes que entraram na casa em 19\/01: Ad\u00e9lia (Advogada, mora em S\u00e3o Paulo); Alan (Doutor em Filosofia em Natal, Rio Grande do Norte); Ana Paula (mineira de 34 anos, formada em Comunica\u00e7\u00e3o); Daniel (empres\u00e1rio, 38 anos,carioca); Harumi (64 anos, Jornalista em S\u00e3o Paulo); Juliana (paulista, bailarina, 31 anos); La\u00e9rcio (53 anos, curitibano, designer de tatuagem); Maria Claudia (youtuber de Santa Cruz, Rio Grande do Norte, 19 anos); Munik (estudante, goiana de 19 anos); Renan (modelo, nascido em Amparo, interior de S\u00e3o Paulo, tem 29 anos); Ronan (estudante de filosofia em Curitiba, 27 anos); Tamiel (41 anos, professor de Ecologia em Goi\u00e2nia).<\/p>\n<p>Concorrentes que entraram na casa em 23\/01: Geralda (63 anos, professora aposentada de Minas Gerais); William ou Blackout (35 anos, seguran\u00e7a); Fernanda (28 anos, escritora e artista mineira); Matheus (25 anos, Engenheiro de Minas).<\/p>\n","protected":false},"excerpt":{"rendered":"<p>\u201cBBB&#8221; 16 vota\u00e7\u00e3o enquete: em 23\/02, Juliana somou 6 pontos (Norte 64%; Nordeste 61%; Centro-Oeste 64%; Sudeste 60%; Sul 56%; SMS + fone 59%) e foi eliminada do programa. O Pared\u00e3o come\u00e7ou no programa ao vivo de 21\/02, Ana Paula usou o poder do Anjo e imunizou Ronan. Os L\u00edderes Tamiel e Renan indicaram Ana [&hellip;]<\/p>\n","protected":false},"author":2,"featured_media":64479,"comment_status":"open","ping_status":"closed","sticky":false,"template":"","format":"standard","meta":{"tdm_status":"","tdm_grid_status":"","footnotes":""},"categories":[520,375,343],"tags":[],"class_list":{"0":"post-81329","1":"post","2":"type-post","3":"status-publish","4":"format-standard","5":"has-post-thumbnail","7":"category-big-brother-brasil","8":"category-rede-globo","9":"category-televisao"},"_links":{"self":[{"href":"https:\/\/migracao.redenoticia.com.br\/noticia\/wp-json\/wp\/v2\/posts\/81329","targetHints":{"allow":["GET"]}}],"collection":[{"href":"https:\/\/migracao.redenoticia.com.br\/noticia\/wp-json\/wp\/v2\/posts"}],"about":[{"href":"https:\/\/migracao.redenoticia.com.br\/noticia\/wp-json\/wp\/v2\/types\/post"}],"author":[{"embeddable":true,"href":"https:\/\/migracao.redenoticia.com.br\/noticia\/wp-json\/wp\/v2\/users\/2"}],"replies":[{"embeddable":true,"href":"https:\/\/migracao.redenoticia.com.br\/noticia\/wp-json\/wp\/v2\/comments?post=81329"}],"version-history":[{"count":0,"href":"https:\/\/migracao.redenoticia.com.br\/noticia\/wp-json\/wp\/v2\/posts\/81329\/revisions"}],"wp:featuredmedia":[{"embeddable":true,"href":"https:\/\/migracao.redenoticia.com.br\/noticia\/wp-json\/wp\/v2\/media\/64479"}],"wp:attachment":[{"href":"https:\/\/migracao.redenoticia.com.br\/noticia\/wp-json\/wp\/v2\/media?parent=81329"}],"wp:term":[{"taxonomy":"category","embeddable":true,"href":"https:\/\/migracao.redenoticia.com.br\/noticia\/wp-json\/wp\/v2\/categories?post=81329"},{"taxonomy":"post_tag","embeddable":true,"href":"https:\/\/migracao.redenoticia.com.br\/noticia\/wp-json\/wp\/v2\/tags?post=81329"}],"curies":[{"name":"wp","href":"https:\/\/api.w.org\/{rel}","templated":true}]}}