{"id":81410,"date":"2016-02-24T10:49:54","date_gmt":"2016-02-24T13:49:54","guid":{"rendered":"http:\/\/www.redenoticia.com.br\/noticia\/?p=81410"},"modified":"2016-02-23T16:50:54","modified_gmt":"2016-02-23T19:50:54","slug":"bc-queda-da-economia-e-alta-do-dolar-reduzem-deficit-de-contas-externas","status":"publish","type":"post","link":"https:\/\/migracao.redenoticia.com.br\/noticia\/2016\/bc-queda-da-economia-e-alta-do-dolar-reduzem-deficit-de-contas-externas\/81410","title":{"rendered":"BC: queda da economia e alta do d\u00f3lar reduzem d\u00e9ficit de contas externas"},"content":{"rendered":"<p> A queda da atividade econ\u00f4mica e a alta do d\u00f3lar reduziram a demanda por bens e servi\u00e7os do exterior. Com isso, o saldo negativo das transa\u00e7\u00f5es correntes caiu neste in\u00edcio do ano. De acordo com dados do Banco Central (BC), o <strong><em>d\u00e9ficit em transa\u00e7\u00f5es correntes<\/em><\/strong> \u2013 compras e as vendas de mercadorias e servi\u00e7os e transfer\u00eancias de renda do pa\u00eds com o mundo \u2013 chegou a US$ 4,817 bilh\u00f5es em janeiro.<\/p>\n<p>\u201cO menor ritmo de atividade econ\u00f4mica implica menor demanda por bens e servi\u00e7os no exterior. E a desvaloriza\u00e7\u00e3o cambial significa aumento de custo de bens e servi\u00e7os no exterior\u201d, disse o chefe do Departamento Econ\u00f4mico do BC, Tulio Maciel.<\/p>\n<p> Maciel destacou que, ao mesmo tempo em que h\u00e1 redu\u00e7\u00e3o no d\u00e9ficit em transa\u00e7\u00f5es correntes, o investimento estrangeiro no setor produtivo do pa\u00eds segue \u201cem n\u00edveis historicamente elevados\u201d. \u201c[Isso ocorre] em uma margem significativa de investimento direto, mais do que suficiente para financiar integralmente o d\u00e9ficit em transa\u00e7\u00f5es correntes\u201d, acrescentou.<\/p>\n<p>D\u00f3lar<\/p>\n<p>De acordo com Maciel, mesmo em momento de crise pol\u00edtica e econ\u00f4mica, h\u00e1 continuidade da entrada de investimentos no pa\u00eds. Segundo ele, um dos motivos que explica essa entrada de recursos no pa\u00eds \u00e9 o d\u00f3lar mais caro, o que torna os pre\u00e7os de ativos brasileiros atrativos para os investidores estrangeiros. Al\u00e9m disso, ele destacou que esses investimentos s\u00e3o de m\u00e9dio e longo prazos.<\/p>\n<p>\u201cSomos um pa\u00eds com mercado robusto, com 200 milh\u00f5es de consumidores. A continuidade de afluxo reflete uma vis\u00e3o do investimento estrangeiro de prazo mais longo\u201d, enfatizou.<\/p>\n<p>Kelly Oliveira \u2013 Rep\u00f3rter da Ag\u00eancia Brasil<br \/>\nEdi\u00e7\u00e3o: Talita Cavalcante<br \/>\n24\/02\/2016 <\/p>\n","protected":false},"excerpt":{"rendered":"<p>A queda da atividade econ\u00f4mica e a alta do d\u00f3lar reduziram a demanda por bens e servi\u00e7os do exterior. Com isso, o saldo negativo das transa\u00e7\u00f5es correntes caiu neste in\u00edcio do ano. De acordo com dados do Banco Central (BC), o d\u00e9ficit em transa\u00e7\u00f5es correntes \u2013 compras e as vendas de mercadorias e servi\u00e7os e [&hellip;]<\/p>\n","protected":false},"author":2,"featured_media":38938,"comment_status":"open","ping_status":"closed","sticky":false,"template":"","format":"standard","meta":{"tdm_status":"","tdm_grid_status":"","footnotes":""},"categories":[22,7],"tags":[],"class_list":{"0":"post-81410","1":"post","2":"type-post","3":"status-publish","4":"format-standard","5":"has-post-thumbnail","7":"category-brasil","8":"category-economia"},"_links":{"self":[{"href":"https:\/\/migracao.redenoticia.com.br\/noticia\/wp-json\/wp\/v2\/posts\/81410","targetHints":{"allow":["GET"]}}],"collection":[{"href":"https:\/\/migracao.redenoticia.com.br\/noticia\/wp-json\/wp\/v2\/posts"}],"about":[{"href":"https:\/\/migracao.redenoticia.com.br\/noticia\/wp-json\/wp\/v2\/types\/post"}],"author":[{"embeddable":true,"href":"https:\/\/migracao.redenoticia.com.br\/noticia\/wp-json\/wp\/v2\/users\/2"}],"replies":[{"embeddable":true,"href":"https:\/\/migracao.redenoticia.com.br\/noticia\/wp-json\/wp\/v2\/comments?post=81410"}],"version-history":[{"count":0,"href":"https:\/\/migracao.redenoticia.com.br\/noticia\/wp-json\/wp\/v2\/posts\/81410\/revisions"}],"wp:featuredmedia":[{"embeddable":true,"href":"https:\/\/migracao.redenoticia.com.br\/noticia\/wp-json\/wp\/v2\/media\/38938"}],"wp:attachment":[{"href":"https:\/\/migracao.redenoticia.com.br\/noticia\/wp-json\/wp\/v2\/media?parent=81410"}],"wp:term":[{"taxonomy":"category","embeddable":true,"href":"https:\/\/migracao.redenoticia.com.br\/noticia\/wp-json\/wp\/v2\/categories?post=81410"},{"taxonomy":"post_tag","embeddable":true,"href":"https:\/\/migracao.redenoticia.com.br\/noticia\/wp-json\/wp\/v2\/tags?post=81410"}],"curies":[{"name":"wp","href":"https:\/\/api.w.org\/{rel}","templated":true}]}}