{"id":81412,"date":"2016-02-24T10:51:00","date_gmt":"2016-02-24T13:51:00","guid":{"rendered":"http:\/\/www.redenoticia.com.br\/noticia\/?p=81412"},"modified":"2016-02-23T16:51:58","modified_gmt":"2016-02-23T19:51:58","slug":"previa-da-inflacao-oficial-acelera-em-fevereiro-e-acumula-alta-de-235","status":"publish","type":"post","link":"https:\/\/migracao.redenoticia.com.br\/noticia\/2016\/previa-da-inflacao-oficial-acelera-em-fevereiro-e-acumula-alta-de-235\/81412","title":{"rendered":"Pr\u00e9via da infla\u00e7\u00e3o oficial acelera em fevereiro e acumula alta de 2,35%"},"content":{"rendered":"<p>  A pr\u00e9via da <strong><em>infla\u00e7\u00e3o<\/em><\/strong> oficial, medida pelo \u00cdndice Nacional de Pre\u00e7os ao Consumidor Amplo 15 (IPCA-15), teve varia\u00e7\u00e3o de 1,42%, em fevereiro, e ficou 0,5 ponto percentual acima dos 0,92% da da taxa de janeiro, de acordo com dados divulgados pelo Instituto Brasileiro de geografia e Estat\u00edstica (IBGE). O aumento foi o maior para os meses de fevereiro desde 2003, quando a taxa registrou 2,19%.<\/p>\n<p>Com o resultado de fevereiro, o IPCA-15 \u2013 pr\u00e9via do \u00cdndice Nacional de Pre\u00e7os ao Consumidor Amplo (IPCA), a infla\u00e7\u00e3o oficial do pa\u00eds \u2013 acumula alta de 2,35% nos dois primeiros meses do ano. Em fevereiro do ano passado, a alta chegou a 1,33%. Considerando os \u00faltimos 12 meses, o \u00edndice foi para 10,84%, o maior desde novembro de 2003, que chegou a 12,69%.<\/p>\n<p>Press\u00e3o<\/p>\n<p>As influ\u00eancias mais fortes na composi\u00e7\u00e3o do IPCA-15, segundo o IBGE, s\u00e3o resultado dos grupos Alimenta\u00e7\u00e3o e Bebidas, com varia\u00e7\u00e3o de 1,92% e impacto de 0,49 ponto percentual, Transportes, com 1,65% e 0,3 ponto, e Educa\u00e7\u00e3o, com 5,91% e impacto de 0,27 ponto percentual. Juntos, os tr\u00eas grupos responderam por 75% do IPCA-15.<\/p>\n<p> No grupo alimenta\u00e7\u00e3o, destacam-se individualmente a cenoura, com alta de 24,26%; seguida da cebola (14,16%); do tomate (14,11%); do alho (13,08%); da farinha de mandioca (12,2%) e das hortali\u00e7as (8,66%).<\/p>\n<p>A acelera\u00e7\u00e3o registrada no grupo Transporte refletiu o aumento das tarifas dos \u00f4nibus urbanos, com alta de 5,69%, de trem (6,12%), de metr\u00f4 (5,27%), \u00f4nibus intermunicipais (5,04%) e t\u00e1xi (3,65%). Houve, ainda, reflexos da alta do litro do etanol (4,92%) e da gasolina (1,2%).<\/p>\n<p>O grupo Educa\u00e7\u00e3o foi o que mais contribuiu individualmente para o IPCA-15, com a alta de 5,91%, refletindo os reajustes de in\u00edcio do ano letivo, especialmente os aumentos nas mensalidades dos cursos regulares, item que subiu 7,41%. O grupo provocou o maior impacto individual no \u00edndice do m\u00eas: 0,21 ponto percentual.<\/p>\n<p>Regi\u00f5es<\/p>\n<p>Regionalmente, a maior alta do IPCA-15 foi registrada em Salvador (2,26%), onde os alimentos tiveram eleva\u00e7\u00e3o de 4,59%, de janeiro para fevereiro. J\u00e1 a menor alta foi registrada em Bras\u00edlia (1,01%), em virtude da queda de 13,14% no item passagens a\u00e9reas.<\/p>\n<p>Recife fechou com a segunda maior alta da taxa do pa\u00eds \u2013 1,82%. Rio de Janeiro (1,62%), Bel\u00e9m e Porto Alegre, ambas com alta de 1,45%, registraram taxas superiores \u00e0 varia\u00e7\u00e3o global, de 1,42%. Em S\u00e3o Paulo, a alta do IPCA-15, em fevereiro foi de 1,24% e, na regi\u00e3o metropolitana de Belo Horizonte, de 1,32%.<\/p>\n<p>Pr\u00e9via da infla\u00e7\u00e3o oficial do pa\u00eds, o IPCA-15 tem a mesma metodologia de pesquisa do IPCA, mas com abrang\u00eancia e per\u00edodo de coleta diferentes. Para a aferi\u00e7\u00e3o do IPCA-15 os pre\u00e7os s\u00e3o coletados no per\u00edodo compreendendo a metade do m\u00eas anterior e a metade do m\u00eas de refer\u00eancia, abrangendo as regi\u00f5es metropolitanas do Rio de Janeiro, de Porto Alegre, Belo Horizonte, do Recife, de S\u00e3o Paulo, Bel\u00e9m, Fortaleza, Salvador e Curitiba, al\u00e9m de Bras\u00edlia e Goi\u00e2nia. Assim como no caso do IPCA, no entanto, o indicador refere-se \u00e0s fam\u00edlias com rendimento de 1 a 40 sal\u00e1rios m\u00ednimos.<\/p>\n<p> Nielmar de Oliveira &#8211; Rep\u00f3rter da Ag\u00eancia Brasil<br \/>\nEdi\u00e7\u00e3o: Talita Cavalcante<br \/>\n24\/02\/2016<\/p>\n","protected":false},"excerpt":{"rendered":"<p>A pr\u00e9via da infla\u00e7\u00e3o oficial, medida pelo \u00cdndice Nacional de Pre\u00e7os ao Consumidor Amplo 15 (IPCA-15), teve varia\u00e7\u00e3o de 1,42%, em fevereiro, e ficou 0,5 ponto percentual acima dos 0,92% da da taxa de janeiro, de acordo com dados divulgados pelo Instituto Brasileiro de geografia e Estat\u00edstica (IBGE). O aumento foi o maior para os [&hellip;]<\/p>\n","protected":false},"author":2,"featured_media":34916,"comment_status":"open","ping_status":"closed","sticky":false,"template":"","format":"standard","meta":{"tdm_status":"","tdm_grid_status":"","footnotes":""},"categories":[22,7],"tags":[],"class_list":{"0":"post-81412","1":"post","2":"type-post","3":"status-publish","4":"format-standard","5":"has-post-thumbnail","7":"category-brasil","8":"category-economia"},"_links":{"self":[{"href":"https:\/\/migracao.redenoticia.com.br\/noticia\/wp-json\/wp\/v2\/posts\/81412","targetHints":{"allow":["GET"]}}],"collection":[{"href":"https:\/\/migracao.redenoticia.com.br\/noticia\/wp-json\/wp\/v2\/posts"}],"about":[{"href":"https:\/\/migracao.redenoticia.com.br\/noticia\/wp-json\/wp\/v2\/types\/post"}],"author":[{"embeddable":true,"href":"https:\/\/migracao.redenoticia.com.br\/noticia\/wp-json\/wp\/v2\/users\/2"}],"replies":[{"embeddable":true,"href":"https:\/\/migracao.redenoticia.com.br\/noticia\/wp-json\/wp\/v2\/comments?post=81412"}],"version-history":[{"count":0,"href":"https:\/\/migracao.redenoticia.com.br\/noticia\/wp-json\/wp\/v2\/posts\/81412\/revisions"}],"wp:featuredmedia":[{"embeddable":true,"href":"https:\/\/migracao.redenoticia.com.br\/noticia\/wp-json\/wp\/v2\/media\/34916"}],"wp:attachment":[{"href":"https:\/\/migracao.redenoticia.com.br\/noticia\/wp-json\/wp\/v2\/media?parent=81412"}],"wp:term":[{"taxonomy":"category","embeddable":true,"href":"https:\/\/migracao.redenoticia.com.br\/noticia\/wp-json\/wp\/v2\/categories?post=81412"},{"taxonomy":"post_tag","embeddable":true,"href":"https:\/\/migracao.redenoticia.com.br\/noticia\/wp-json\/wp\/v2\/tags?post=81412"}],"curies":[{"name":"wp","href":"https:\/\/api.w.org\/{rel}","templated":true}]}}