{"id":81414,"date":"2016-02-24T10:52:01","date_gmt":"2016-02-24T13:52:01","guid":{"rendered":"http:\/\/www.redenoticia.com.br\/noticia\/?p=81414"},"modified":"2016-02-23T16:53:18","modified_gmt":"2016-02-23T19:53:18","slug":"gastos-de-brasileiros-no-exterior-caem-625-em-janeiro","status":"publish","type":"post","link":"https:\/\/migracao.redenoticia.com.br\/noticia\/2016\/gastos-de-brasileiros-no-exterior-caem-625-em-janeiro\/81414","title":{"rendered":"Gastos de brasileiros no exterior caem 62,5% em janeiro"},"content":{"rendered":"<p> Com a alta do d\u00f3lar e menor renda, os <strong><em>gastos de brasileiros em viagens internacionais<\/em><\/strong> ca\u00edram 62,5%, em janeiro, m\u00eas de f\u00e9rias, de acordo com dados do Banco Central (BC). Em janeiro, esses gastos chegaram a US$ 840 milh\u00f5es, contra US$ 2,239 bilh\u00f5es registrados no nesno m\u00eas de 2015.<\/p>\n<p>Enquanto as despesas de brasileiros no exterior ca\u00edram, as receitas de estrangeiros no Brasil subiram 14,44%, no mesmo per\u00edodo de compara\u00e7\u00e3o. As receitas de estrangeiros no pa\u00eds totalizaram US$ 650 milh\u00f5es, no m\u00eas passado, contra US$ 568 milh\u00f5es em janeiro de 2015.<\/p>\n<p>Com esses resultados, o d\u00e9ficit na conta de viagens ficou em US$ 190 milh\u00f5es no primeiro m\u00eas do ano.<\/p>\n<p>Imposto de Renda<\/p>\n<p>Segundo o chefe do Departamento Econ\u00f4mico do BC, Tulio Maciel, al\u00e9m da influ\u00eancia do d\u00f3lar e da queda da atividade econ\u00f4mica, o fim da isen\u00e7\u00e3o do Imposto de Renda sobre as remessas ao exterior destinadas ao pagamento de servi\u00e7os de turismo tamb\u00e9m influenciou o resultado de janeiro.<\/p>\n<p>Dados parciais de fevereiro, at\u00e9 o dia 19, mostram que as despesas no exterior continuam caindo. Nesse per\u00edodo, chegaram a US$ 612 milh\u00f5es, com redu\u00e7\u00e3o de 40% na compara\u00e7\u00e3o com o mesmo m\u00eas de 2015. J\u00e1 as receitas de estrangeiros cresceram 21%, com valor preliminar no m\u00eas de US$ 430 milh\u00f5es.<\/p>\n<p>Kelly Oliveira \u2013 Rep\u00f3rter da Ag\u00eancia Brasil<br \/>\nEdi\u00e7\u00e3o: Gra\u00e7a Adjuto<br \/>\n24\/02\/2016<\/p>\n","protected":false},"excerpt":{"rendered":"<p>Com a alta do d\u00f3lar e menor renda, os gastos de brasileiros em viagens internacionais ca\u00edram 62,5%, em janeiro, m\u00eas de f\u00e9rias, de acordo com dados do Banco Central (BC). Em janeiro, esses gastos chegaram a US$ 840 milh\u00f5es, contra US$ 2,239 bilh\u00f5es registrados no nesno m\u00eas de 2015. Enquanto as despesas de brasileiros no [&hellip;]<\/p>\n","protected":false},"author":2,"featured_media":57584,"comment_status":"open","ping_status":"closed","sticky":false,"template":"","format":"standard","meta":{"tdm_status":"","tdm_grid_status":"","footnotes":""},"categories":[22,7],"tags":[],"class_list":{"0":"post-81414","1":"post","2":"type-post","3":"status-publish","4":"format-standard","5":"has-post-thumbnail","7":"category-brasil","8":"category-economia"},"_links":{"self":[{"href":"https:\/\/migracao.redenoticia.com.br\/noticia\/wp-json\/wp\/v2\/posts\/81414","targetHints":{"allow":["GET"]}}],"collection":[{"href":"https:\/\/migracao.redenoticia.com.br\/noticia\/wp-json\/wp\/v2\/posts"}],"about":[{"href":"https:\/\/migracao.redenoticia.com.br\/noticia\/wp-json\/wp\/v2\/types\/post"}],"author":[{"embeddable":true,"href":"https:\/\/migracao.redenoticia.com.br\/noticia\/wp-json\/wp\/v2\/users\/2"}],"replies":[{"embeddable":true,"href":"https:\/\/migracao.redenoticia.com.br\/noticia\/wp-json\/wp\/v2\/comments?post=81414"}],"version-history":[{"count":0,"href":"https:\/\/migracao.redenoticia.com.br\/noticia\/wp-json\/wp\/v2\/posts\/81414\/revisions"}],"wp:featuredmedia":[{"embeddable":true,"href":"https:\/\/migracao.redenoticia.com.br\/noticia\/wp-json\/wp\/v2\/media\/57584"}],"wp:attachment":[{"href":"https:\/\/migracao.redenoticia.com.br\/noticia\/wp-json\/wp\/v2\/media?parent=81414"}],"wp:term":[{"taxonomy":"category","embeddable":true,"href":"https:\/\/migracao.redenoticia.com.br\/noticia\/wp-json\/wp\/v2\/categories?post=81414"},{"taxonomy":"post_tag","embeddable":true,"href":"https:\/\/migracao.redenoticia.com.br\/noticia\/wp-json\/wp\/v2\/tags?post=81414"}],"curies":[{"name":"wp","href":"https:\/\/api.w.org\/{rel}","templated":true}]}}