{"id":8145,"date":"2009-08-10T14:27:53","date_gmt":"2009-08-10T18:27:53","guid":{"rendered":"http:\/\/www.redenoticia.com.br\/noticia\/?p=8145"},"modified":"2009-08-10T14:27:53","modified_gmt":"2009-08-10T18:27:53","slug":"chuva-diminui-e-frio-aumenta-na-regiao-sul-alerta-a-climatempo","status":"publish","type":"post","link":"https:\/\/migracao.redenoticia.com.br\/noticia\/2009\/chuva-diminui-e-frio-aumenta-na-regiao-sul-alerta-a-climatempo\/8145","title":{"rendered":"Chuva diminui e frio aumenta na regi\u00e3o Sul, alerta a Climatempo"},"content":{"rendered":"<p>Depois de um fim de semana de muita chuva, ventos fortes e queda de \u00e1rvores no Sul do pa\u00eds, uma massa de ar de origem polar avan\u00e7a pelo oeste ga\u00facho e na pr\u00f3xima madrugada derruba a temperatura no Sul do Brasil e no sul de Mato Grosso do Sul. Segunda a Climatempo, nesta ter\u00e7a-feira, pode gear nas primeiras horas da manh\u00e3 em todo o interior ga\u00facho, regi\u00e3o serrana, em Chapec\u00f3, Campos Novos, regi\u00e3o de Foz do Igua\u00e7u e em Ponta Por\u00e3. Amanh\u00e3, o dia ser\u00e1 bem t\u00edpico de inverno na regi\u00e3o Sul. Apesar do frio, o dia se mant\u00e9m seco e ensolarado.\u00a0<\/p>\n<p>O ar frio polar associado a \u00e1reas de instabilidade de uma frente fria no litoral do Sudeste deixa o c\u00e9u nublado com possibilidade de chuviscos e temperatura baixa na no Vale do Itaja\u00ed, Curitiba, litoral do Paran\u00e1, S\u00e3o Paulo, Zona da Mata e em Belo Horizonte. C\u00e9u nublado com chuva e um pouco de frio no litoral paulista, Vale do Para\u00edba, serra da Mantiqueira, Juiz de Fora e Rio de Janeiro.<\/p>\n<p>O ar seco predomina em grande parte do Brasil. Ainda faz calor no Mato Grosso, Acre, Rond\u00f4nia, Tocantins e interior do Nordeste. \u00c1reas de instabilidade que vem do mar provocam pancadas de chuva de forma isolada na costa leste nordestina. O calor e a alta umidade do ar provocam aumento de nuvens e pancadas de chuva no centro-norte do Amazonas e do Par\u00e1.<\/p>\n<p>Sobre o Grupo Climatempo<\/p>\n<p>O Grupo Climatempo \u00e9 a maior empresa privada de meteorologia do pa\u00eds. Uma holding formada pela Climatempo Consultoria, Ag\u00eancia Climatempo, a TV Climatempo e a CLIMANET (Internet, servi\u00e7os de tecnologia e inform\u00e1tica). Atualmente, o Grupo Climatempo fornece conte\u00fado para os principais portais do pa\u00eds, mais de 50 retransmissoras de televis\u00e3o do Brasil, r\u00e1dios e tem cerca de mil clientes. Os dois principais segmentos atendidos s\u00e3o o de agroneg\u00f3cios e meios de comunica\u00e7\u00e3o. Al\u00e9m destes, fornece conte\u00fado meteorol\u00f3gico estrat\u00e9gico para produtoras, a ind\u00fastria eletroeletr\u00f4nica e t\u00eaxtil, com\u00e9rcio, moda e turismo, constru\u00e7\u00e3o civil, setor de energia, entre outros setores.<\/p>\n","protected":false},"excerpt":{"rendered":"<p>Depois de um fim de semana de muita chuva, ventos fortes e queda de \u00e1rvores no Sul do pa\u00eds, uma massa de ar de origem polar avan\u00e7a pelo oeste ga\u00facho e na pr\u00f3xima madrugada derruba a temperatura no Sul do Brasil e no sul de Mato Grosso do Sul. Segunda a Climatempo, nesta ter\u00e7a-feira, pode [&hellip;]<\/p>\n","protected":false},"author":3,"featured_media":0,"comment_status":"open","ping_status":"open","sticky":false,"template":"","format":"standard","meta":{"tdm_status":"","tdm_grid_status":"","footnotes":""},"categories":[22,327],"tags":[],"class_list":{"0":"post-8145","1":"post","2":"type-post","3":"status-publish","4":"format-standard","6":"category-brasil","7":"category-clima"},"_links":{"self":[{"href":"https:\/\/migracao.redenoticia.com.br\/noticia\/wp-json\/wp\/v2\/posts\/8145","targetHints":{"allow":["GET"]}}],"collection":[{"href":"https:\/\/migracao.redenoticia.com.br\/noticia\/wp-json\/wp\/v2\/posts"}],"about":[{"href":"https:\/\/migracao.redenoticia.com.br\/noticia\/wp-json\/wp\/v2\/types\/post"}],"author":[{"embeddable":true,"href":"https:\/\/migracao.redenoticia.com.br\/noticia\/wp-json\/wp\/v2\/users\/3"}],"replies":[{"embeddable":true,"href":"https:\/\/migracao.redenoticia.com.br\/noticia\/wp-json\/wp\/v2\/comments?post=8145"}],"version-history":[{"count":0,"href":"https:\/\/migracao.redenoticia.com.br\/noticia\/wp-json\/wp\/v2\/posts\/8145\/revisions"}],"wp:attachment":[{"href":"https:\/\/migracao.redenoticia.com.br\/noticia\/wp-json\/wp\/v2\/media?parent=8145"}],"wp:term":[{"taxonomy":"category","embeddable":true,"href":"https:\/\/migracao.redenoticia.com.br\/noticia\/wp-json\/wp\/v2\/categories?post=8145"},{"taxonomy":"post_tag","embeddable":true,"href":"https:\/\/migracao.redenoticia.com.br\/noticia\/wp-json\/wp\/v2\/tags?post=8145"}],"curies":[{"name":"wp","href":"https:\/\/api.w.org\/{rel}","templated":true}]}}