{"id":8146,"date":"2009-08-10T14:27:48","date_gmt":"2009-08-10T18:27:48","guid":{"rendered":"http:\/\/www.redenoticia.com.br\/noticia\/?p=8146"},"modified":"2009-08-10T14:27:48","modified_gmt":"2009-08-10T18:27:48","slug":"administradores-podem-fazer-cursos-na-uerj-para-tornar-empresas-mais-competitivas","status":"publish","type":"post","link":"https:\/\/migracao.redenoticia.com.br\/noticia\/2009\/administradores-podem-fazer-cursos-na-uerj-para-tornar-empresas-mais-competitivas\/8146","title":{"rendered":"Administradores podem fazer cursos na UERJ para tornar empresas mais competitivas"},"content":{"rendered":"<p>A Faculdade de Administra\u00e7\u00e3o e Finan\u00e7as (FAF) da Universidade do Estado do Rio de Janeiro (UERJ) est\u00e1 com inscri\u00e7\u00f5es abertas para cursos de extens\u00e3o nas \u00e1reas de gest\u00e3o de custos e de projetos, finan\u00e7as, log\u00edstica e negocia\u00e7\u00e3o. At\u00e9 o dia 26 de agosto (e at\u00e9 o dia 9 de setembro para os cursos Gest\u00e3o Estrat\u00e9gica de Custos e Gest\u00e3o de Projetos), estudantes de gradua\u00e7\u00e3o e portadores de diploma em qualquer campo de conhecimento, al\u00e9m de diretores, gerentes e profissionais empreendedores podem se matricular nos cursos oferecidos.<\/p>\n<p>O curso\u00a0<strong>Gest\u00e3o Estrat\u00e9gica de Custos<\/strong> \u00e9 especialmente direcionado a propriet\u00e1rios de pequenas e m\u00e9dias empresas. A ideia \u00e9 apresentar as ferramentas de an\u00e1lises de custos que auxiliam o processo estrat\u00e9gico nas empresas, visando obter vantagem competitiva no mercado.<\/p>\n<p>Conceitos de gerenciamento de projetos e suas aplicabilidades operacionais ser\u00e3o o foco do curso\u00a0<strong>Gest\u00e3o de Projetos.<\/strong> A ideia \u00e9 permitir que o aluno domine as t\u00e9cnicas de planejamento e controle de projetos de qualquer tipo de natureza. Dentre as ferramentas utilizadas, ter\u00e1 \u00eanfase o programa MS-Project.<\/p>\n<p>Como realizar avalia\u00e7\u00f5es econ\u00f4micas eficientes e gerir finan\u00e7as e or\u00e7amento empresariais s\u00e3o assuntos abordados no curso\u00a0<strong>Finan\u00e7as Corporativas<\/strong>. J\u00e1 a valoriza\u00e7\u00e3o da log\u00edstica como instrumento de alto relevo no contexto empresarial brasileiro \u00e9 o tema do curso\u00a0<strong>Log\u00edstica Ambiental<\/strong>.<\/p>\n<p>Por \u00faltimo, a apresenta\u00e7\u00e3o de t\u00e9cnicas e ferramentas para obter sucesso em negocia\u00e7\u00f5es e o conhecimento de princ\u00edpios e processos gerais para lidar com empresas de pa\u00edses distintos est\u00e3o no programa do curso<strong>Negocia\u00e7\u00f5es Empresariais.<\/strong><\/p>\n<p>As aulas acontecem em setembro e outubro. Cada um dos cursos tem o valor de R$ 684,00, podendo ser parcelado. As inscri\u00e7\u00f5es devem ser realizadas no Centro de Produ\u00e7\u00e3o da UERJ, na Rua S\u00e3o Francisco Xavier, 524, sala 1006, bloco A, 1\u00ba andar, Maracan\u00e3, Rio de Janeiro. Mais informa\u00e7\u00f5es podem ser obtidas pelo site<a href=\"http:\/\/sender3Click.mailsender.com.br\/Redir?51fefcf9de64d0a49740a004940419d1&amp;5eca4be1a363ce80df836f235ba79c7f\" target=\"_blank\">www.cepuerj.uerj.br<\/a> ou pelo telefone (21) 2334-0639.<\/p>\n","protected":false},"excerpt":{"rendered":"<p>A Faculdade de Administra\u00e7\u00e3o e Finan\u00e7as (FAF) da Universidade do Estado do Rio de Janeiro (UERJ) est\u00e1 com inscri\u00e7\u00f5es abertas para cursos de extens\u00e3o nas \u00e1reas de gest\u00e3o de custos e de projetos, finan\u00e7as, log\u00edstica e negocia\u00e7\u00e3o. At\u00e9 o dia 26 de agosto (e at\u00e9 o dia 9 de setembro para os cursos Gest\u00e3o Estrat\u00e9gica [&hellip;]<\/p>\n","protected":false},"author":2,"featured_media":0,"comment_status":"open","ping_status":"open","sticky":false,"template":"","format":"standard","meta":{"tdm_status":"","tdm_grid_status":"","footnotes":""},"categories":[7],"tags":[],"class_list":{"0":"post-8146","1":"post","2":"type-post","3":"status-publish","4":"format-standard","6":"category-economia"},"_links":{"self":[{"href":"https:\/\/migracao.redenoticia.com.br\/noticia\/wp-json\/wp\/v2\/posts\/8146","targetHints":{"allow":["GET"]}}],"collection":[{"href":"https:\/\/migracao.redenoticia.com.br\/noticia\/wp-json\/wp\/v2\/posts"}],"about":[{"href":"https:\/\/migracao.redenoticia.com.br\/noticia\/wp-json\/wp\/v2\/types\/post"}],"author":[{"embeddable":true,"href":"https:\/\/migracao.redenoticia.com.br\/noticia\/wp-json\/wp\/v2\/users\/2"}],"replies":[{"embeddable":true,"href":"https:\/\/migracao.redenoticia.com.br\/noticia\/wp-json\/wp\/v2\/comments?post=8146"}],"version-history":[{"count":0,"href":"https:\/\/migracao.redenoticia.com.br\/noticia\/wp-json\/wp\/v2\/posts\/8146\/revisions"}],"wp:attachment":[{"href":"https:\/\/migracao.redenoticia.com.br\/noticia\/wp-json\/wp\/v2\/media?parent=8146"}],"wp:term":[{"taxonomy":"category","embeddable":true,"href":"https:\/\/migracao.redenoticia.com.br\/noticia\/wp-json\/wp\/v2\/categories?post=8146"},{"taxonomy":"post_tag","embeddable":true,"href":"https:\/\/migracao.redenoticia.com.br\/noticia\/wp-json\/wp\/v2\/tags?post=8146"}],"curies":[{"name":"wp","href":"https:\/\/api.w.org\/{rel}","templated":true}]}}