{"id":81491,"date":"2016-02-25T10:47:21","date_gmt":"2016-02-25T13:47:21","guid":{"rendered":"http:\/\/www.redenoticia.com.br\/noticia\/?p=81491"},"modified":"2016-02-24T16:48:53","modified_gmt":"2016-02-24T19:48:53","slug":"banco-central-faz-projecao-do-crescimento-da-inadimplencia","status":"publish","type":"post","link":"https:\/\/migracao.redenoticia.com.br\/noticia\/2016\/banco-central-faz-projecao-do-crescimento-da-inadimplencia\/81491","title":{"rendered":"Banco Central faz proje\u00e7\u00e3o do crescimento da inadimpl\u00eancia"},"content":{"rendered":"<p> A <strong><em>inadimpl\u00eancia<\/em><\/strong> deve continuar a subir neste ano, em um ambiente de queda da atividade econ\u00f4mica e alta das taxas de juros, conforme proje\u00e7\u00e3o do Banco Central (BC).<\/p>\n<p>De acordo com dados divulgados pelo BC, em janeiro, a taxa de inadimpl\u00eancia (atrasos acima de 90 dias) das fam\u00edlias chegou a 6,2%. No caso das empresas, a taxa ficou em 4,7%.<\/p>\n<p>Segundo o chefe do Departamento Econ\u00f4mico do BC, Tulio Maciel, a inadimpl\u00eancia, principalmente de pequenas e m\u00e9dias empresas \u00e9 mais expressiva. No caso das fam\u00edlias, Maciel classificou o crescimento da inadimpl\u00eancia de \u201crelativamente modesto\u201d, em um cen\u00e1rio de retra\u00e7\u00e3o da economia e aumento do desemprego.<\/p>\n<p>Maciel disse que o aumento da inadimpl\u00eancia tem ocorrido de forma gradual, o que permite aos clientes dos bancos renegociar as d\u00edvidas e \u00e0s institui\u00e7\u00f5es financeiras fazer adequa\u00e7\u00f5es no n\u00edvel de provisionamento (reserva de recursos para situa\u00e7\u00e3o de inadimpl\u00eancia).<\/p>\n<p> Segundo Maciel, o aumento das taxas de juros ocorre por influ\u00eancia de diversos fatores, como o crescimento da inadimpl\u00eancia. Ele enfatizou que as altera\u00e7\u00f5es nos juros do cr\u00e9dito n\u00e3o ocorrem somente por influ\u00eancia da taxa b\u00e1sica de juros (Selic), que n\u00e3o sido elevada pelo BC nos \u00faltimos meses.<\/p>\n<p>Em janeiro, a taxa m\u00e9dia de juros cobrada das fam\u00edlias subiu 2,4 pontos percentuais em rela\u00e7\u00e3o a dezembro e ficou em 66,1% ao ano. De acordo com Maciel, a alta da taxa m\u00e9dia \u00e9 \u201cpuxada\u201d pelos juros do cr\u00e9dito rotativo (cart\u00e3o de cr\u00e9dito e cheque especial).<\/p>\n<p>A taxa de juros do rotativo do cart\u00e3o de cr\u00e9dito subiu 8,1 pontos percentuais de dezembro para janeiro, quando atingiu 439,5% ao ano, a maior j\u00e1 registrada na s\u00e9rie hist\u00f3rica do BC, iniciada em mar\u00e7o de 2011. O rotativo \u00e9 o cr\u00e9dito tomado pelo consumidor quando paga menos que o valor integral da fatura do cart\u00e3o. A taxa do cheque especial chegou a 292,3% ao ano, com alta de 5,3 pontos percentuais.<\/p>\n<p>Maciel recomenda aos consumidores evitar o cr\u00e9dito rotativo, parcelando a fatura quando n\u00e3o \u00e9 poss\u00edvel fazer o pagamento total ou tomar outra modalidade de cr\u00e9dito com taxas mais baixas. \u201cO cr\u00e9dito rotativo deve ser usado com extrema cautela, em prazo curto de tempo para que isso n\u00e3o onere o or\u00e7amento pessoal\u201d, enfatizou.<\/p>\n<p>Retra\u00e7\u00e3o do cr\u00e9dito<\/p>\n<p>Em janeiro, o saldo de todas as opera\u00e7\u00f5es de cr\u00e9dito concedido pelos bancos caiu 0,6% e ficou em R$ 3,199 trilh\u00f5es. Esse valor correspondeu a 53,7% de tudo o que o pa\u00eds produz \u2013 Produto Interno Bruto (PIB).<\/p>\n<p>\u201cO cr\u00e9dito no in\u00edcio do ano mostrou retra\u00e7\u00e3o moderada, o que \u00e9 relativamente comum para os meses de janeiro. Atinge principalmente o cr\u00e9dito \u00e0s empresas. No in\u00edcio do ano, tem um um ciclo de atividades em ritmo menor do que em outros per\u00edodos. Gradativamente isso [o saldo] vai crescendo\u201d, disse Maciel.<\/p>\n<p>Ele acrescentou que a \u201cretra\u00e7\u00e3o da atividade econ\u00f4mica que tem se observado desde o ano passado\u201d tamb\u00e9m influencia a redu\u00e7\u00e3o do saldo do cr\u00e9dito. \u201cAl\u00e9m dos outros fatores que j\u00e1 estavam presentes [no ano passado], como menor ritmo de atividade econ\u00f4mica, eleva\u00e7\u00e3o do custo de cr\u00e9dito, tem a quest\u00e3o da sazonalidade\u201d, destacou Maciel.<\/p>\n<p>Kelly Oliveira \u2013 Rep\u00f3rter da Ag\u00eancia Brasil<br \/>\nEdi\u00e7\u00e3o: N\u00e1dia Franco<br \/>\n25\/02\/2016<\/p>\n","protected":false},"excerpt":{"rendered":"<p>A inadimpl\u00eancia deve continuar a subir neste ano, em um ambiente de queda da atividade econ\u00f4mica e alta das taxas de juros, conforme proje\u00e7\u00e3o do Banco Central (BC). De acordo com dados divulgados pelo BC, em janeiro, a taxa de inadimpl\u00eancia (atrasos acima de 90 dias) das fam\u00edlias chegou a 6,2%. No caso das empresas, [&hellip;]<\/p>\n","protected":false},"author":2,"featured_media":57582,"comment_status":"open","ping_status":"closed","sticky":false,"template":"","format":"standard","meta":{"tdm_status":"","tdm_grid_status":"","footnotes":""},"categories":[22,7],"tags":[],"class_list":{"0":"post-81491","1":"post","2":"type-post","3":"status-publish","4":"format-standard","5":"has-post-thumbnail","7":"category-brasil","8":"category-economia"},"_links":{"self":[{"href":"https:\/\/migracao.redenoticia.com.br\/noticia\/wp-json\/wp\/v2\/posts\/81491","targetHints":{"allow":["GET"]}}],"collection":[{"href":"https:\/\/migracao.redenoticia.com.br\/noticia\/wp-json\/wp\/v2\/posts"}],"about":[{"href":"https:\/\/migracao.redenoticia.com.br\/noticia\/wp-json\/wp\/v2\/types\/post"}],"author":[{"embeddable":true,"href":"https:\/\/migracao.redenoticia.com.br\/noticia\/wp-json\/wp\/v2\/users\/2"}],"replies":[{"embeddable":true,"href":"https:\/\/migracao.redenoticia.com.br\/noticia\/wp-json\/wp\/v2\/comments?post=81491"}],"version-history":[{"count":0,"href":"https:\/\/migracao.redenoticia.com.br\/noticia\/wp-json\/wp\/v2\/posts\/81491\/revisions"}],"wp:featuredmedia":[{"embeddable":true,"href":"https:\/\/migracao.redenoticia.com.br\/noticia\/wp-json\/wp\/v2\/media\/57582"}],"wp:attachment":[{"href":"https:\/\/migracao.redenoticia.com.br\/noticia\/wp-json\/wp\/v2\/media?parent=81491"}],"wp:term":[{"taxonomy":"category","embeddable":true,"href":"https:\/\/migracao.redenoticia.com.br\/noticia\/wp-json\/wp\/v2\/categories?post=81491"},{"taxonomy":"post_tag","embeddable":true,"href":"https:\/\/migracao.redenoticia.com.br\/noticia\/wp-json\/wp\/v2\/tags?post=81491"}],"curies":[{"name":"wp","href":"https:\/\/api.w.org\/{rel}","templated":true}]}}