{"id":81493,"date":"2016-02-25T10:48:59","date_gmt":"2016-02-25T13:48:59","guid":{"rendered":"http:\/\/www.redenoticia.com.br\/noticia\/?p=81493"},"modified":"2016-02-24T16:50:20","modified_gmt":"2016-02-24T19:50:20","slug":"pesquisa-da-cni-indica-que-38-da-industria-ficaram-parados-em-janeiro","status":"publish","type":"post","link":"https:\/\/migracao.redenoticia.com.br\/noticia\/2016\/pesquisa-da-cni-indica-que-38-da-industria-ficaram-parados-em-janeiro\/81493","title":{"rendered":"Pesquisa da CNI indica que 38% da ind\u00fastria ficaram parados em janeiro"},"content":{"rendered":"<p> A <strong><em>utiliza\u00e7\u00e3o da capacidade instalada da ind\u00fastria<\/em><\/strong> ficou em 62% em janeiro \u2013 mesmo percentual registrado em dezembro de 2015, mantendo-se no piso da s\u00e9rie hist\u00f3rica iniciada em 2011. As informa\u00e7\u00f5es s\u00e3o da Sondagem Industrial, divulgadas pela Confedera\u00e7\u00e3o Nacional da Ind\u00fastria (CNI).<\/p>\n<p> De acordo com a sondagem, a atividade e o emprego na ind\u00fastria ca\u00edram em janeiro, com indicadores abaixo dos 50 pontos. Quanto mais abaixo dos 50 pontos, mais intensa e disseminada \u00e9 a queda da produ\u00e7\u00e3o ou do emprego. Enquanto o \u00edndice da evolu\u00e7\u00e3o da produ\u00e7\u00e3o registrou 39,7 pontos, o de evolu\u00e7\u00e3o do n\u00famero de empregados atingiu 41,4 pontos.<\/p>\n<p>A retra\u00e7\u00e3o na atividade fez com que os estoques da ind\u00fastria tamb\u00e9m ca\u00edssem em janeiro, com \u00edndice em 48,4 pontos. O setor manteve os estoques no n\u00edvel planejado pelas ind\u00fastrias pelo segundo m\u00eas consecutivo. O \u00edndice que mede estoques efetivo-planejado passou de 49,8 pontos, em dezembro, para 50,3 pontos em janeiro, praticamente sobre a linha dos 50 pontos.<\/p>\n<p>Conforme a CNI, o fraco desempenho do setor mant\u00e9m os empres\u00e1rios pessimistas em fevereiro em rela\u00e7\u00e3o \u00e0 demanda, ao n\u00famero de empregados e \u00e0s compras de mat\u00e9rias-primas para os pr\u00f3ximos seis meses. O \u00edndice de expectativa sobre a demanda ficou em 45,6 pontos. O de n\u00famero de empregados registrou 42,1 pontos e o de compras de mat\u00e9ria-prima alcan\u00e7ou 43,6 pontos. Valores abaixo dos 50 pontos indicam perspectivas negativas.<\/p>\n<p>Apenas as expectativas sobre as exporta\u00e7\u00f5es se mant\u00eam otimistas, com \u00edndice em 53,5 pontos, acima da linha divis\u00f3ria. Isso indica que os empres\u00e1rios esperam aumentar o volume de vendas de produtos a outros pa\u00edses nos pr\u00f3ximos meses.<\/p>\n<p>Diante do cen\u00e1rio de ociosidade da ind\u00fastria e pessimismo sobre os pr\u00f3ximos meses, as inten\u00e7\u00f5es de investimentos seguem baixas. O \u00edndice teve a segunda queda consecutiva e registrou 39,8 pontos em fevereiro.<\/p>\n<p>Esta edi\u00e7\u00e3o da Sondagem Industrial foi feita entre 2 e 18 de fevereiro com 2.480 empresas, das quais 1.034 s\u00e3o pequenas, 889 s\u00e3o m\u00e9dias e 557 de grande porte.<\/p>\n<p>Da Ag\u00eancia Brasil<br \/>\nEdi\u00e7\u00e3o: Armando Cardoso<br \/>\n25\/02\/2016<\/p>\n","protected":false},"excerpt":{"rendered":"<p>A utiliza\u00e7\u00e3o da capacidade instalada da ind\u00fastria ficou em 62% em janeiro \u2013 mesmo percentual registrado em dezembro de 2015, mantendo-se no piso da s\u00e9rie hist\u00f3rica iniciada em 2011. As informa\u00e7\u00f5es s\u00e3o da Sondagem Industrial, divulgadas pela Confedera\u00e7\u00e3o Nacional da Ind\u00fastria (CNI). De acordo com a sondagem, a atividade e o emprego na ind\u00fastria ca\u00edram [&hellip;]<\/p>\n","protected":false},"author":2,"featured_media":57583,"comment_status":"open","ping_status":"closed","sticky":false,"template":"","format":"standard","meta":{"tdm_status":"","tdm_grid_status":"","footnotes":""},"categories":[22,7],"tags":[],"class_list":{"0":"post-81493","1":"post","2":"type-post","3":"status-publish","4":"format-standard","5":"has-post-thumbnail","7":"category-brasil","8":"category-economia"},"_links":{"self":[{"href":"https:\/\/migracao.redenoticia.com.br\/noticia\/wp-json\/wp\/v2\/posts\/81493","targetHints":{"allow":["GET"]}}],"collection":[{"href":"https:\/\/migracao.redenoticia.com.br\/noticia\/wp-json\/wp\/v2\/posts"}],"about":[{"href":"https:\/\/migracao.redenoticia.com.br\/noticia\/wp-json\/wp\/v2\/types\/post"}],"author":[{"embeddable":true,"href":"https:\/\/migracao.redenoticia.com.br\/noticia\/wp-json\/wp\/v2\/users\/2"}],"replies":[{"embeddable":true,"href":"https:\/\/migracao.redenoticia.com.br\/noticia\/wp-json\/wp\/v2\/comments?post=81493"}],"version-history":[{"count":0,"href":"https:\/\/migracao.redenoticia.com.br\/noticia\/wp-json\/wp\/v2\/posts\/81493\/revisions"}],"wp:featuredmedia":[{"embeddable":true,"href":"https:\/\/migracao.redenoticia.com.br\/noticia\/wp-json\/wp\/v2\/media\/57583"}],"wp:attachment":[{"href":"https:\/\/migracao.redenoticia.com.br\/noticia\/wp-json\/wp\/v2\/media?parent=81493"}],"wp:term":[{"taxonomy":"category","embeddable":true,"href":"https:\/\/migracao.redenoticia.com.br\/noticia\/wp-json\/wp\/v2\/categories?post=81493"},{"taxonomy":"post_tag","embeddable":true,"href":"https:\/\/migracao.redenoticia.com.br\/noticia\/wp-json\/wp\/v2\/tags?post=81493"}],"curies":[{"name":"wp","href":"https:\/\/api.w.org\/{rel}","templated":true}]}}