{"id":81522,"date":"2016-02-26T10:20:31","date_gmt":"2016-02-26T13:20:31","guid":{"rendered":"http:\/\/www.redenoticia.com.br\/noticia\/?p=81522"},"modified":"2016-02-25T19:22:18","modified_gmt":"2016-02-25T22:22:18","slug":"medica-reforca-alerta-para-que-infectados-pelo-virus-zika-fiquem-em-casa","status":"publish","type":"post","link":"https:\/\/migracao.redenoticia.com.br\/noticia\/2016\/medica-reforca-alerta-para-que-infectados-pelo-virus-zika-fiquem-em-casa\/81522","title":{"rendered":"M\u00e9dica refor\u00e7a alerta para que infectados pelo v\u00edrus Zika fiquem em casa"},"content":{"rendered":"<p> A m\u00e9dica paraibana Adriana Melo, respons\u00e1vel por confirmar a associa\u00e7\u00e3o do v\u00edrus <strong><em>Zika<\/em><\/strong> \u00e0 microcefalia no Brasil, defendeu que as autoridades de sa\u00fade reforcem a orienta\u00e7\u00e3o aos infectados pelo v\u00edrus para que fiquem em casa.<\/p>\n<p>\u201cMuitas pessoas que est\u00e3o doentes v\u00e3o trabalhar. Tem que pensar nessa orienta\u00e7\u00e3o. Em caso de doen\u00e7a, essas pessoas t\u00eam que ser estimuladas a ficar em casa. Na Europa, por exemplo, uma pessoa gripada \u00e9 aconselhada a ficar em casa para n\u00e3o passar o v\u00edrus adiante\u201d, disse, durante sess\u00e3o tem\u00e1tica no Senado sobre o mosquito Aedes aegypit . O encontro reuniu parlamentares, o ministro da Sa\u00fade, Marcelo Castro, e especialistas m\u00e9dicos e pesquisadores.<\/p>\n<p>A especialista defendeu a melhoria da qualidade dos equipamentos de ultrassonografia e a capacita\u00e7\u00e3o dos profissionais que fazem o exame, que \u00e9 um eficiente meio de detectar a microcefalia. \u201cEm caso de d\u00favida, o diagn\u00f3stico \u00e9 feito pela ultrassonografia durante a gesta\u00e7\u00e3o. \u00c9 poss\u00edvel fazer, mas tem que melhorar qualidade dos aparelhos e capacitar o pessoal.S\u00e3o coisas simples e que barateiam muito a assist\u00eancia aos pacientes\u201d afirmou.<\/p>\n<p>Sobre as m\u00e3es de beb\u00eas com microcefalia Adriana Melo lembrou que, os cuidados que elas precisam v\u00e3o al\u00e9m dos m\u00e9dicos. \u201cH\u00e1 muitas m\u00e3es carentes e outras que foram abandonadas pelos maridos. A maioria n\u00e3o tem condi\u00e7\u00f5es de cuidar de suas crian\u00e7as.\u201d<\/p>\n<p>Outro especialista, o vice-presidente da Funda\u00e7\u00e3o Oswaldo Cruz (Fiocruz), Valcler Fernandes, afirmou que o esfor\u00e7o de enfrentamento ao mosquito depende de um esfor\u00e7o conjunto. \u201cA gente s\u00f3 enfrenta isso com ci\u00eancia, com a\u00e7\u00e3o do Poder P\u00fablico, com a\u00e7\u00e3o da sociedade civil e a\u00e7\u00e3o individual. Quer dizer, trata-se de uma combina\u00e7\u00e3o perfeita, e n\u00f3s precisamos alcan\u00e7\u00e1-la. N\u00e3o h\u00e1 outro modo de se fazer isso. No nosso caso, principalmente, ci\u00eancia, pesquisa e estudos\u201d, disse, acrescentando que a Fiocruz est\u00e1 propondo a realiza\u00e7\u00e3o de um semin\u00e1rio internacional com especialistas do mundo inteiro para discutir a quest\u00e3o.<\/p>\n<p>Ao fazer um balan\u00e7o das a\u00e7\u00f5es e das parceiras que o governo tem tomado para combater o mosquito, o ministro da Sa\u00fade, Marcelo Castro, voltou dizer que, apesar dos cientistas serem cautelosos e de n\u00e3o confirmarem associa\u00e7\u00e3o direta entre casos de microcefalia e o v\u00edrus Zika, para o Minist\u00e9rio da Sa\u00fade n\u00e3o h\u00e1 d\u00favidas desde novembro . \u201cComunicamos [\u00e0 Organiza\u00e7\u00e3o Mundial de Sa\u00fade (OMS)] a identifica\u00e7\u00e3o do v\u00edrus Zika em dois \u00f3bitos e a associa\u00e7\u00e3o com a microcefalia no dia 29 de novembro. Quer dizer, essa d\u00favida, que ainda existe para alguns cientistas e para alguns pesquisadores nacionais e internacionais, n\u00e3o existe para o Minist\u00e9rio da Sa\u00fade desde o dia 29 de novembro. De l\u00e1 para c\u00e1, todos os dados s\u00f3 v\u00eam confirmando aquilo que j\u00e1 hav\u00edamos declarado naquela \u00e9poca\u201d,observou.<\/p>\n<p>Falta de saneamento b\u00e1sico<\/p>\n<p>O presidente do Senado, Renan Calheiros, atribuiu especialmente \u00e0 falta de saneamento b\u00e1sico os problemas que o Brasil enfrenta no combate ao mosquito.<\/p>\n<p>\u201cA incid\u00eancia dessa m\u00e1 forma\u00e7\u00e3o cong\u00eanita j\u00e1 foi verificada em 16 Estados, demonstrando que n\u00e3o \u00e9 mais um problema localizado, mas que est\u00e1 se espraiando perigosamente gra\u00e7as ao alcance de voo do Aedes aegypti, mas principalmente \u00e0 boa vida que estamos dando a ele, com a falta de saneamento b\u00e1sico e de tratamento de esgoto, que persiste em milhares de cidades brasileiras\u201d, disse, garantindo que qualquer provid\u00eancia legislativa necess\u00e1ria para ajudar nas a\u00e7\u00f5es que envolvam o mosquito ter\u00e1 prioridade no Senado.<\/p>\n<p>Karine Melo \u2013 Rep\u00f3rter da Ag\u00eancia Brasil<br \/>\nEdi\u00e7\u00e3o: Maria Claudia<br \/>\n26\/02\/2016<\/p>\n","protected":false},"excerpt":{"rendered":"<p>A m\u00e9dica paraibana Adriana Melo, respons\u00e1vel por confirmar a associa\u00e7\u00e3o do v\u00edrus Zika \u00e0 microcefalia no Brasil, defendeu que as autoridades de sa\u00fade reforcem a orienta\u00e7\u00e3o aos infectados pelo v\u00edrus para que fiquem em casa. \u201cMuitas pessoas que est\u00e3o doentes v\u00e3o trabalhar. Tem que pensar nessa orienta\u00e7\u00e3o. Em caso de doen\u00e7a, essas pessoas t\u00eam que [&hellip;]<\/p>\n","protected":false},"author":2,"featured_media":37376,"comment_status":"open","ping_status":"closed","sticky":false,"template":"","format":"standard","meta":{"tdm_status":"","tdm_grid_status":"","footnotes":""},"categories":[22,5],"tags":[],"class_list":{"0":"post-81522","1":"post","2":"type-post","3":"status-publish","4":"format-standard","5":"has-post-thumbnail","7":"category-brasil","8":"category-saude-e-vida"},"_links":{"self":[{"href":"https:\/\/migracao.redenoticia.com.br\/noticia\/wp-json\/wp\/v2\/posts\/81522","targetHints":{"allow":["GET"]}}],"collection":[{"href":"https:\/\/migracao.redenoticia.com.br\/noticia\/wp-json\/wp\/v2\/posts"}],"about":[{"href":"https:\/\/migracao.redenoticia.com.br\/noticia\/wp-json\/wp\/v2\/types\/post"}],"author":[{"embeddable":true,"href":"https:\/\/migracao.redenoticia.com.br\/noticia\/wp-json\/wp\/v2\/users\/2"}],"replies":[{"embeddable":true,"href":"https:\/\/migracao.redenoticia.com.br\/noticia\/wp-json\/wp\/v2\/comments?post=81522"}],"version-history":[{"count":0,"href":"https:\/\/migracao.redenoticia.com.br\/noticia\/wp-json\/wp\/v2\/posts\/81522\/revisions"}],"wp:featuredmedia":[{"embeddable":true,"href":"https:\/\/migracao.redenoticia.com.br\/noticia\/wp-json\/wp\/v2\/media\/37376"}],"wp:attachment":[{"href":"https:\/\/migracao.redenoticia.com.br\/noticia\/wp-json\/wp\/v2\/media?parent=81522"}],"wp:term":[{"taxonomy":"category","embeddable":true,"href":"https:\/\/migracao.redenoticia.com.br\/noticia\/wp-json\/wp\/v2\/categories?post=81522"},{"taxonomy":"post_tag","embeddable":true,"href":"https:\/\/migracao.redenoticia.com.br\/noticia\/wp-json\/wp\/v2\/tags?post=81522"}],"curies":[{"name":"wp","href":"https:\/\/api.w.org\/{rel}","templated":true}]}}