{"id":81524,"date":"2016-02-26T10:22:22","date_gmt":"2016-02-26T13:22:22","guid":{"rendered":"http:\/\/www.redenoticia.com.br\/noticia\/?p=81524"},"modified":"2016-02-25T19:23:15","modified_gmt":"2016-02-25T22:23:15","slug":"comercio-eletronico-registra-crescimento-de-15-em-2015","status":"publish","type":"post","link":"https:\/\/migracao.redenoticia.com.br\/noticia\/2016\/comercio-eletronico-registra-crescimento-de-15-em-2015\/81524","title":{"rendered":"Com\u00e9rcio eletr\u00f4nico registra crescimento de 15% em 2015"},"content":{"rendered":"<p> O <strong><em>com\u00e9rcio eletr\u00f4nico<\/em><\/strong> registrou crescimento nominal de 15% no faturamento, movimentando R$ 41,3 bilh\u00f5es em 2015. A previs\u00e3o \u00e9 que, at\u00e9 o fim do ano, o e-commerce nacional fature R$ 44,6 bilh\u00f5es, o que representa um acr\u00e9scimo nominal de 8%, em rela\u00e7\u00e3o ao per\u00edodo anterior, de acordo com a 33\u00aa edi\u00e7\u00e3o do relat\u00f3rio WebShoppers, elaborado pela E-bit\/Buscap\u00e9.<\/p>\n<p>\u201cDentro do cen\u00e1rio de crise econ\u00f4mica, com aumento de infla\u00e7\u00e3o, desemprego e incertezas ao longo de 2015, o e-commerce se mostrou uma excelente alternativa na busca de bons neg\u00f3cios para o consumidor, apresentando faturamento muito acima do registrado no varejo tradicional&#8221;, disse o fundador da E-bit, presidente do Conselho de Com\u00e9rcio Eletr\u00f4nico da FecomercioSP e vice-presidente de Rela\u00e7\u00f5es Institucionais do Buscap\u00e9 Company, Pedro Guasti.<\/p>\n<p>Compras online<\/p>\n<p>Entre os destaques, aparece o crescimento das vendas por dispositivos m\u00f3veis, que passaram a representar 12% do faturamento, na m\u00e9dia do ano, e 14,3%, em dezembro. O n\u00famero de consumidores com pelo menos uma compra pela internet chegou a 39,1 milh\u00f5es, volume 3% maior na compara\u00e7\u00e3o com 2014. A quantidade de pedidos cresceu 3%, alcan\u00e7ando 106,2 milh\u00f5es.<\/p>\n<p>Segundo os dados, o valor m\u00e9dio das compras atingiu R$ 388, 12% mais alto se comparado ao ano anterior. Para 2016, estima-se que o t\u00edquete m\u00e9dio das compras gire em torno de R$ 419, o que representa um crescimento de 8%, em rela\u00e7\u00e3o ao ano passado.<\/p>\n<p>&#8220;O crescimento no n\u00famero de consumidores ativos foi menor se comparado a outros anos. Isso tem rela\u00e7\u00e3o com a redu\u00e7\u00e3o da participa\u00e7\u00e3o da classe C nas compras online nesse per\u00edodo. Em contrapartida, o p\u00fablico de renda mais elevada comprou mais pela Internet. Essa \u00e9 uma das explica\u00e7\u00f5es para o crescimento do t\u00edquete m\u00e9dio\u201d, esclareceu o diretor executivo da E-bit\/Buscap\u00e9, Andr\u00e9 Ricardo Dias.<\/p>\n<p>Outro destaque foi a eleva\u00e7\u00e3o no NPS (Net Promoter Score), que mede a satisfa\u00e7\u00e3o e a fideliza\u00e7\u00e3o dos clientes no com\u00e9rcio eletr\u00f4nico, que, em 2015, chegou a 65%, decorrente da diminui\u00e7\u00e3o no atraso das entregas e da melhoria dos servi\u00e7os prestados pelas lojas.<\/p>\n<p>Sites estrangeiros<\/p>\n<p>Os dados indicam ainda que o volume de compradores em sites estrangeiros aumentou de 38%, em 2014, pra 54% em 2015, com 14,9 milh\u00f5es de consumidores \u00fanicos de sites externos (Aliexpress, Amazon e eBay, entre outros), e gasto total de US$ 2,02 bilh\u00f5es, 18% a mais que em 2014. As categorias mais procuradas foram eletr\u00f4nicos, moda e acess\u00f3rios e inform\u00e1tica.<\/p>\n<p>O estudo revelou ainda que, no meio online, as categorias mais populares s\u00e3o viagens e turismo, eletr\u00f4nicos e assinatura de revistas, decorrente do alto valor agregado dos produtos, que faz com que os consumidores usem a internet como ferramenta de pesquisa e busca pelo melhor pre\u00e7o.<\/p>\n<p>A prefer\u00eancia pelo varejo f\u00edsico ficou com as categorias petshop, alimentos e bebidas e joalheria, pela necessidade de visualiza\u00e7\u00e3o de muitos produtos ou, por exemplo, por causa da dificuldade na log\u00edstica para produtos aliment\u00edcios perec\u00edveis.<\/p>\n<p>De acordo com o relat\u00f3rio, a alta dos pre\u00e7os no varejo chegou no com\u00e9rcio eletr\u00f4nico, registrando eleva\u00e7\u00f5es de 8,94%, o que contribuiu para a redu\u00e7\u00e3o do poder de compra dos trabalhadores. A classe C terminou o ano com 39% de participa\u00e7\u00e3o nas compras (dezembro de 2015), diferente dos 54% anteriores (novembro de 2013).<\/p>\n<p>Fl\u00e1via Albuquerque &#8211; Rep\u00f3rter da Ag\u00eancia Brasil<br \/>\nEdi\u00e7\u00e3o: Armando Cardoso<br \/>\n26\/02\/2016<\/p>\n","protected":false},"excerpt":{"rendered":"<p>O com\u00e9rcio eletr\u00f4nico registrou crescimento nominal de 15% no faturamento, movimentando R$ 41,3 bilh\u00f5es em 2015. A previs\u00e3o \u00e9 que, at\u00e9 o fim do ano, o e-commerce nacional fature R$ 44,6 bilh\u00f5es, o que representa um acr\u00e9scimo nominal de 8%, em rela\u00e7\u00e3o ao per\u00edodo anterior, de acordo com a 33\u00aa edi\u00e7\u00e3o do relat\u00f3rio WebShoppers, elaborado [&hellip;]<\/p>\n","protected":false},"author":2,"featured_media":57577,"comment_status":"open","ping_status":"closed","sticky":false,"template":"","format":"standard","meta":{"tdm_status":"","tdm_grid_status":"","footnotes":""},"categories":[22,7],"tags":[],"class_list":{"0":"post-81524","1":"post","2":"type-post","3":"status-publish","4":"format-standard","5":"has-post-thumbnail","7":"category-brasil","8":"category-economia"},"_links":{"self":[{"href":"https:\/\/migracao.redenoticia.com.br\/noticia\/wp-json\/wp\/v2\/posts\/81524","targetHints":{"allow":["GET"]}}],"collection":[{"href":"https:\/\/migracao.redenoticia.com.br\/noticia\/wp-json\/wp\/v2\/posts"}],"about":[{"href":"https:\/\/migracao.redenoticia.com.br\/noticia\/wp-json\/wp\/v2\/types\/post"}],"author":[{"embeddable":true,"href":"https:\/\/migracao.redenoticia.com.br\/noticia\/wp-json\/wp\/v2\/users\/2"}],"replies":[{"embeddable":true,"href":"https:\/\/migracao.redenoticia.com.br\/noticia\/wp-json\/wp\/v2\/comments?post=81524"}],"version-history":[{"count":0,"href":"https:\/\/migracao.redenoticia.com.br\/noticia\/wp-json\/wp\/v2\/posts\/81524\/revisions"}],"wp:featuredmedia":[{"embeddable":true,"href":"https:\/\/migracao.redenoticia.com.br\/noticia\/wp-json\/wp\/v2\/media\/57577"}],"wp:attachment":[{"href":"https:\/\/migracao.redenoticia.com.br\/noticia\/wp-json\/wp\/v2\/media?parent=81524"}],"wp:term":[{"taxonomy":"category","embeddable":true,"href":"https:\/\/migracao.redenoticia.com.br\/noticia\/wp-json\/wp\/v2\/categories?post=81524"},{"taxonomy":"post_tag","embeddable":true,"href":"https:\/\/migracao.redenoticia.com.br\/noticia\/wp-json\/wp\/v2\/tags?post=81524"}],"curies":[{"name":"wp","href":"https:\/\/api.w.org\/{rel}","templated":true}]}}