{"id":81526,"date":"2016-02-26T10:23:19","date_gmt":"2016-02-26T13:23:19","guid":{"rendered":"http:\/\/www.redenoticia.com.br\/noticia\/?p=81526"},"modified":"2016-02-25T19:24:17","modified_gmt":"2016-02-25T22:24:17","slug":"desemprego-sobe-para-76-maior-taxa-para-janeiro-desde-2009","status":"publish","type":"post","link":"https:\/\/migracao.redenoticia.com.br\/noticia\/2016\/desemprego-sobe-para-76-maior-taxa-para-janeiro-desde-2009\/81526","title":{"rendered":"Desemprego sobe para 7,6%, maior taxa para janeiro desde 2009"},"content":{"rendered":"<p> A <strong><em>taxa de desemprego<\/em><\/strong> para as seis principais regi\u00f5es metropolitanas do pa\u00eds analisadas pelo Instituto Brasileiro de Geografia e Estat\u00edstica (IBGE) subiu em janeiro para 7,6%, a maior para os meses de janeiro desde os 8,2% de janeiro de 2009.<\/p>\n<p>Os dados da Pesquisa Mensal de Emprego (PME) indicam que a alta em rela\u00e7\u00e3o a dezembro do ano passado (6,9%) \u00e9 de 0,7 ponto percentual, passando a 2,3 pontos percentuais em rela\u00e7\u00e3o a janeiro de 2015 (5,3%).<\/p>\n<p>Segundo o Instituto Brasileiro de Geografia e Estat\u00edstica (IBGE), a popula\u00e7\u00e3o desocupada em janeiro era de 1,9 milh\u00e3o de pessoas, crescendo 8,4% (mais 146 mil pessoas) frente a dezembro \u00faltimo e 42,7% em rela\u00e7\u00e3o a janeiro de 2015 (mais 562 mil pessoas em busca de trabalho).<\/p>\n<p>Os dados relativos a emprego nas seis principais regi\u00f5es metropolitanas do pa\u00eds indicam que havia em janeiro 23 milh\u00f5es de pessoas integrando a popula\u00e7\u00e3o ocupada, um recuou de 1% na compara\u00e7\u00e3o mensal (menos 230 mil pessoas); e de -2,7% em rela\u00e7\u00e3o a janeiro de 2015 (menos 643 mil pessoas).<\/p>\n<p>J\u00e1 o n\u00famero de pessoas com carteira de trabalho assinada ficou est\u00e1vel em janeiro (11,6 milh\u00f5es), embora tenha ca\u00eddo 2,8% (menos 336 mil pessoas) em rela\u00e7\u00e3o a janeiro de 2015.<\/p>\n<p>Os dados divulgados hoje pelo IBGE indicam que o rendimento m\u00e9dio real habitual dos trabalhadores caiu 1,3% em rela\u00e7\u00e3o a dezembro de 2015, passando de R$ 2.273,44 para R$ 2.242,90); e 7,4% quando comparado a janeiro de 2015 (R$ 2.421,51).<\/p>\n<p>Tamb\u00e9m foi constatada retra\u00e7\u00e3o na massa de rendimento m\u00e9dio real habitual, que em janeiro ficou em R$ 52,1 bilh\u00f5es. Quando comparada a dezembro do ano passado, a queda foi de 2,5%, passando a 10,4% na compara\u00e7\u00e3o anual.<\/p>\n<p>Quanto \u00e0 massa de rendimento m\u00e9dio real efetivo, que em janeiro ficou em R$ 64,8 bilh\u00f5es, houve crescimento de 8,8% em rela\u00e7\u00e3o a dezembro \u00faltimo e queda de 9,6% em rela\u00e7\u00e3o a dezembro de 2014.<\/p>\n<p>Capitais<\/p>\n<p>Os dados da Pesquisa Mensal de Emprego constataram queda da taxa de desocupa\u00e7\u00e3o em duas das seis regi\u00f5es metropolitanas envolvidas na pesquisa e estabilidade nas outras quatro na compara\u00e7\u00e3o mensal.<\/p>\n<p>Quando comparada a dezembro de 2015, a an\u00e1lise mensal mostrou que a taxa de desocupa\u00e7\u00e3o subiu de 7% para 8,1% na regi\u00e3o metropolitana de S\u00e3o Paulo e de 5,9% para 6,9% na de Belo Horizonte.<\/p>\n<p>J\u00e1 na compara\u00e7\u00e3o com janeiro de 2015, houve crescimento da taxa em janeiro deste ano em todas as regi\u00f5es pesquisadas, com destaque para Recife, onde o desemprego foi de 6,7% para 10,5% &#8211; alta de 3,8 pontos percentuais.<\/p>\n<p>Em Salvador, a taxa passou de 9,6% para 11,8% (2,2 pontos percentuais); em Belo Horizonte, de 4,1% para 6,9% (2,8 pontos percentuais); no Rio de Janeiro, de 3,6% para 5,1% (1,5 ponto percentual; em S\u00e3o Paulo, de 5,7% para 8,1% (2,4 pontos percentuais); e em Porto Alegre, de 3,8% para 5,9% (2,1 pontos).<\/p>\n<p>Detalhamento<\/p>\n<p>Embora a taxa de desocupa\u00e7\u00e3o de 7,6% verificada em janeiro para o conjunto das seis principais regi\u00f5es metropolitanas do pa\u00eds tenha sido a maior desde 2009 (8,2%), por grupamentos de atividade, de dezembro de 2015 para janeiro de 2016, houve estabilidade em quase todos os setores.<\/p>\n<p>As exce\u00e7\u00f5es foram educa\u00e7\u00e3o, sa\u00fade, servi\u00e7os sociais, administra\u00e7\u00e3o p\u00fablica, defesa e seguridade, que fecharam janeiro \u00faltimo com queda de 2,8% (111 mil pessoas), em rela\u00e7\u00e3o a dezembro de 2015; e servi\u00e7os dom\u00e9sticos, que fechou o m\u00eas passado com queda de 6,4% (93 mil pessoas), na mesma base de compara\u00e7\u00e3o.<\/p>\n<p>J\u00e1 em rela\u00e7\u00e3o a janeiro de 2015, a popula\u00e7\u00e3o ocupada caiu 8,5% (menos 298 mil pessoas) na ind\u00fastria e em outros servi\u00e7os (-3,4%, 155 mil pessoas). Os demais grupamentos, segundo o IBGE, \u201cn\u00e3o apresentaram varia\u00e7\u00e3o estatisticamente significativa\u201d.<\/p>\n<p>Nielmar de Oliveira &#8211; Rep\u00f3rter da Ag\u00eancia Brasil<br \/>\nEdi\u00e7\u00e3o: Kleber Sampaio<br \/>\n26\/02\/2016<\/p>\n","protected":false},"excerpt":{"rendered":"<p>A taxa de desemprego para as seis principais regi\u00f5es metropolitanas do pa\u00eds analisadas pelo Instituto Brasileiro de Geografia e Estat\u00edstica (IBGE) subiu em janeiro para 7,6%, a maior para os meses de janeiro desde os 8,2% de janeiro de 2009. Os dados da Pesquisa Mensal de Emprego (PME) indicam que a alta em rela\u00e7\u00e3o a [&hellip;]<\/p>\n","protected":false},"author":2,"featured_media":38940,"comment_status":"open","ping_status":"closed","sticky":false,"template":"","format":"standard","meta":{"tdm_status":"","tdm_grid_status":"","footnotes":""},"categories":[22,7],"tags":[],"class_list":{"0":"post-81526","1":"post","2":"type-post","3":"status-publish","4":"format-standard","5":"has-post-thumbnail","7":"category-brasil","8":"category-economia"},"_links":{"self":[{"href":"https:\/\/migracao.redenoticia.com.br\/noticia\/wp-json\/wp\/v2\/posts\/81526","targetHints":{"allow":["GET"]}}],"collection":[{"href":"https:\/\/migracao.redenoticia.com.br\/noticia\/wp-json\/wp\/v2\/posts"}],"about":[{"href":"https:\/\/migracao.redenoticia.com.br\/noticia\/wp-json\/wp\/v2\/types\/post"}],"author":[{"embeddable":true,"href":"https:\/\/migracao.redenoticia.com.br\/noticia\/wp-json\/wp\/v2\/users\/2"}],"replies":[{"embeddable":true,"href":"https:\/\/migracao.redenoticia.com.br\/noticia\/wp-json\/wp\/v2\/comments?post=81526"}],"version-history":[{"count":0,"href":"https:\/\/migracao.redenoticia.com.br\/noticia\/wp-json\/wp\/v2\/posts\/81526\/revisions"}],"wp:featuredmedia":[{"embeddable":true,"href":"https:\/\/migracao.redenoticia.com.br\/noticia\/wp-json\/wp\/v2\/media\/38940"}],"wp:attachment":[{"href":"https:\/\/migracao.redenoticia.com.br\/noticia\/wp-json\/wp\/v2\/media?parent=81526"}],"wp:term":[{"taxonomy":"category","embeddable":true,"href":"https:\/\/migracao.redenoticia.com.br\/noticia\/wp-json\/wp\/v2\/categories?post=81526"},{"taxonomy":"post_tag","embeddable":true,"href":"https:\/\/migracao.redenoticia.com.br\/noticia\/wp-json\/wp\/v2\/tags?post=81526"}],"curies":[{"name":"wp","href":"https:\/\/api.w.org\/{rel}","templated":true}]}}