{"id":81528,"date":"2016-02-26T10:24:21","date_gmt":"2016-02-26T13:24:21","guid":{"rendered":"http:\/\/www.redenoticia.com.br\/noticia\/?p=81528"},"modified":"2016-02-25T19:25:25","modified_gmt":"2016-02-25T22:25:25","slug":"custo-da-construcao-sobe-em-fevereiro","status":"publish","type":"post","link":"https:\/\/migracao.redenoticia.com.br\/noticia\/2016\/custo-da-construcao-sobe-em-fevereiro\/81528","title":{"rendered":"Custo da constru\u00e7\u00e3o sobe em fevereiro"},"content":{"rendered":"<p> O \u00cdndice Nacional de <strong><em>Custo da Constru\u00e7\u00e3o<\/em><\/strong> do Mercado (INCC-M) apresentou alta de 0,52% em fevereiro, varia\u00e7\u00e3o superior \u00e0 registrada em janeiro (0,32%). O avan\u00e7o foi puxado principalmente pela m\u00e3o de obra, que passou de 0,15% para 0,51%. O conjunto dos materiais, equipamentos e servi\u00e7os teve eleva\u00e7\u00e3o de 0,53% ante 0,52%.<\/p>\n<p>O levantamento, do Instituto Brasileiro de Economia (Ibre) da Funda\u00e7\u00e3o Getulio Vargas (FGV), mostra que no primeiro bimestre deste ano o INCC-M acumula alta de 0,85% e nos \u00faltimos 12 meses, de 6,84%.<\/p>\n<p>Em um ano, os gastos com o pagamento de pessoal foram os que mais pressionaram o custo da constru\u00e7\u00e3o, com o \u00edndice acima da m\u00e9dia (7,3%). Os materiais, equipamentos e servi\u00e7os subiram 6,3%. Em fevereiro, o INCC-M teve influ\u00eancia do reajuste salarial, em Recife, e antecipa\u00e7\u00f5es em Salvador e Porto Alegre.<\/p>\n<p>Houve aumento no ritmo de corre\u00e7\u00e3o em cinco capitais: Salvador (de 0,61% para 0,72%); Belo Horizonte, (de 0,27% para 0,37%); Recife (de 1,13% para 2,34%);, Rio de Janeiro (de 0,20% para 0,41%) e Porto Alegre(de 0,31% para 1,42%). Nas duas capitais restantes, as altas perderam for\u00e7a: Bras\u00edlia (de 0,17% para -0,01%) e S\u00e3o Paulo (de 0,25% para 0,22%).<\/p>\n<p>A FGV tamb\u00e9m divulgou a varia\u00e7\u00e3o do \u00cdndice de Confian\u00e7a da Constru\u00e7\u00e3o (ICST), que atingiu 66,6 pontos, o que representa queda de 0,9 ponto percentual sobre o resultado de janeiro, no menor n\u00edvel da s\u00e9rie hist\u00f3rica. Esta foi a terceira redu\u00e7\u00e3o seguida.<\/p>\n<p>Na an\u00e1lise da coordenadora de Projetos da Constru\u00e7\u00e3o do Ibre\/FGV, Ana Maria Castelo, h\u00e1 tend\u00eancia de desaquecimento do setor. \u201cMuitos fatores est\u00e3o contribuindo para esse cen\u00e1rio, mas vale destacar que as incertezas no campo macroecon\u00f4mico t\u00eam se mostrado um dos principais \u201cgargalos\u201d \u00e0 melhoria dos neg\u00f3cios\u201d, afirmou.<\/p>\n<p>O pessimismo do setor refere-se, principalmente, ao momento atual. O \u00cdndice da Situa\u00e7\u00e3o Atual (ISA-CST) caiu 1,9 pontos, atingindo 63,6 pontos. Em rela\u00e7\u00e3o \u00e0 proje\u00e7\u00e3o para os pr\u00f3ximos tr\u00eas meses, medida por meio do \u00cdndice de Expectativas (IE-CST), houve recuo de -0,1 ponto, ao alcan\u00e7ar 70,1 pontos.<\/p>\n<p>Marli Moreira &#8211; Rep\u00f3rter da Ag\u00eancia Brasil<br \/>\nEdi\u00e7\u00e3o: Gra\u00e7a Adjuto<br \/>\n26\/02\/2016<\/p>\n","protected":false},"excerpt":{"rendered":"<p>O \u00cdndice Nacional de Custo da Constru\u00e7\u00e3o do Mercado (INCC-M) apresentou alta de 0,52% em fevereiro, varia\u00e7\u00e3o superior \u00e0 registrada em janeiro (0,32%). O avan\u00e7o foi puxado principalmente pela m\u00e3o de obra, que passou de 0,15% para 0,51%. O conjunto dos materiais, equipamentos e servi\u00e7os teve eleva\u00e7\u00e3o de 0,53% ante 0,52%. O levantamento, do Instituto [&hellip;]<\/p>\n","protected":false},"author":2,"featured_media":57583,"comment_status":"open","ping_status":"closed","sticky":false,"template":"","format":"standard","meta":{"tdm_status":"","tdm_grid_status":"","footnotes":""},"categories":[22,7],"tags":[],"class_list":{"0":"post-81528","1":"post","2":"type-post","3":"status-publish","4":"format-standard","5":"has-post-thumbnail","7":"category-brasil","8":"category-economia"},"_links":{"self":[{"href":"https:\/\/migracao.redenoticia.com.br\/noticia\/wp-json\/wp\/v2\/posts\/81528","targetHints":{"allow":["GET"]}}],"collection":[{"href":"https:\/\/migracao.redenoticia.com.br\/noticia\/wp-json\/wp\/v2\/posts"}],"about":[{"href":"https:\/\/migracao.redenoticia.com.br\/noticia\/wp-json\/wp\/v2\/types\/post"}],"author":[{"embeddable":true,"href":"https:\/\/migracao.redenoticia.com.br\/noticia\/wp-json\/wp\/v2\/users\/2"}],"replies":[{"embeddable":true,"href":"https:\/\/migracao.redenoticia.com.br\/noticia\/wp-json\/wp\/v2\/comments?post=81528"}],"version-history":[{"count":0,"href":"https:\/\/migracao.redenoticia.com.br\/noticia\/wp-json\/wp\/v2\/posts\/81528\/revisions"}],"wp:featuredmedia":[{"embeddable":true,"href":"https:\/\/migracao.redenoticia.com.br\/noticia\/wp-json\/wp\/v2\/media\/57583"}],"wp:attachment":[{"href":"https:\/\/migracao.redenoticia.com.br\/noticia\/wp-json\/wp\/v2\/media?parent=81528"}],"wp:term":[{"taxonomy":"category","embeddable":true,"href":"https:\/\/migracao.redenoticia.com.br\/noticia\/wp-json\/wp\/v2\/categories?post=81528"},{"taxonomy":"post_tag","embeddable":true,"href":"https:\/\/migracao.redenoticia.com.br\/noticia\/wp-json\/wp\/v2\/tags?post=81528"}],"curies":[{"name":"wp","href":"https:\/\/api.w.org\/{rel}","templated":true}]}}