{"id":81533,"date":"2016-02-26T10:26:56","date_gmt":"2016-02-26T13:26:56","guid":{"rendered":"http:\/\/www.redenoticia.com.br\/noticia\/?p=81533"},"modified":"2016-02-25T19:27:46","modified_gmt":"2016-02-25T22:27:46","slug":"percentual-de-familias-endividadas-chega-a-608-em-fevereiro","status":"publish","type":"post","link":"https:\/\/migracao.redenoticia.com.br\/noticia\/2016\/percentual-de-familias-endividadas-chega-a-608-em-fevereiro\/81533","title":{"rendered":"Percentual de fam\u00edlias endividadas chega a 60,8% em fevereiro"},"content":{"rendered":"<p> Embora ainda esteja em um patamar elevado, o percentual de <strong><em>fam\u00edlias brasileiras endividadas<\/em><\/strong> apresentou ligeira retra\u00e7\u00e3o de 0,08 ponto percentual, ao cair de 61,6% para 60,8% de janeiro para fevereiro deste ano.<\/p>\n<p>A constata\u00e7\u00e3o \u00e9 da Pesquisa de Endividamento e Inadimpl\u00eancia do Consumidor (Peic), divulgada pela Confedera\u00e7\u00e3o Nacional do Com\u00e9rcio de Bens, Servi\u00e7os e Turismo (CNC). O estudo, no entanto, aponta que 25,4% dos endividados dizem respeito a fam\u00edlias com mais da metade da renda mensal comprometida com pagamento de d\u00edvidas.<\/p>\n<p>O levantamento mostra que, apesar de o n\u00famero de fam\u00edlias com d\u00edvidas ter recuado em fevereiro, a taxa aumentou na compara\u00e7\u00e3o anual. O percentual de 60,8% verificado este m\u00eas \u00e9 superior aos 57,8% de fevereiro do ano passado.<\/p>\n<p>Segundo a CNC, o n\u00famero de fam\u00edlias com contas ou d\u00edvidas em atraso e das que permanecer\u00e3o inadimplentes teve o mesmo comportamento: recuo na compara\u00e7\u00e3o mensal, por\u00e9m, aumento em rela\u00e7\u00e3o a fevereiro de 2015.<\/p>\n<p>Inadimpl\u00eancia<\/p>\n<p>O percentual de fam\u00edlias com d\u00edvidas ou contas em atraso atingiu 23,3% do total, em compara\u00e7\u00e3o com 23,7% em janeiro e 17,5% no mesmo per\u00edodo do ano passado. J\u00e1 o \u00edndice de fam\u00edlias que permaneceriam inadimplentes caiu para 8,6% em fevereiro de 2016 contra 9% em janeiro e 6,4% em fevereiro de 2015.<\/p>\n<p>As justificativas da CNC para o endividamento s\u00e3o as mesmas dos \u00faltimos meses e refletem a situa\u00e7\u00e3o da economia do pa\u00eds, com juros altos e retra\u00e7\u00e3o do emprego e da renda, como explica a economista da confedera\u00e7\u00e3o, Marianne Hanson.<\/p>\n<p>\u201cAs taxas de juros mais elevadas e o cen\u00e1rio menos favor\u00e1vel do mercado de trabalho impactaram negativamente os indicadores em rela\u00e7\u00e3o ao ano passado no que diz respeito \u00e0 inadimpl\u00eancia e \u00e0 percep\u00e7\u00e3o das fam\u00edlias em rela\u00e7\u00e3o \u00e0 sua capacidade de pagamento\u201d, disse.<\/p>\n<p>A pesquisa constatou, ainda, que a propor\u00e7\u00e3o das fam\u00edlias que se declararam muito endividadas aumentou de 13,6% para 13,8% entre janeiro e fevereiro. Na compara\u00e7\u00e3o anual, no entanto, o aumento \u00e9 bem maior e chega a 4,1 pontos percentuais.<\/p>\n<p>Do ponto de vista da renda, a Pesquisa de Endividamento e Inadimpl\u00eancia do Consumidor constatou que 25,4% das fam\u00edlias endividadas t\u00eam mais da metade de sua renda mensal comprometida com o pagamento de d\u00edvidas.<\/p>\n<p>Entre aquelas com contas ou d\u00edvidas n\u00e3o pagas, o tempo m\u00e9dio de atraso foi de 64,3 dias em fevereiro, n\u00famero acima dos 60,5 dias do ano passado. \u201cO tempo m\u00e9dio de comprometimento com d\u00edvidas foi de 7,1 meses, sendo que 26,2% das fam\u00edlias est\u00e3o comprometidas com d\u00edvidas at\u00e9 tr\u00eas meses, e 34% por mais de um ano\u201d, constatou a CNC.<\/p>\n<p>Nielmar de Oliveira &#8211; Rep\u00f3rter da Ag\u00eancia Brasil<br \/>\nEdi\u00e7\u00e3o: Kleber Sampaio<br \/>\n26\/02\/2016<\/p>\n","protected":false},"excerpt":{"rendered":"<p>Embora ainda esteja em um patamar elevado, o percentual de fam\u00edlias brasileiras endividadas apresentou ligeira retra\u00e7\u00e3o de 0,08 ponto percentual, ao cair de 61,6% para 60,8% de janeiro para fevereiro deste ano. A constata\u00e7\u00e3o \u00e9 da Pesquisa de Endividamento e Inadimpl\u00eancia do Consumidor (Peic), divulgada pela Confedera\u00e7\u00e3o Nacional do Com\u00e9rcio de Bens, Servi\u00e7os e Turismo [&hellip;]<\/p>\n","protected":false},"author":2,"featured_media":57582,"comment_status":"open","ping_status":"closed","sticky":false,"template":"","format":"standard","meta":{"tdm_status":"","tdm_grid_status":"","footnotes":""},"categories":[22,7],"tags":[],"class_list":{"0":"post-81533","1":"post","2":"type-post","3":"status-publish","4":"format-standard","5":"has-post-thumbnail","7":"category-brasil","8":"category-economia"},"_links":{"self":[{"href":"https:\/\/migracao.redenoticia.com.br\/noticia\/wp-json\/wp\/v2\/posts\/81533","targetHints":{"allow":["GET"]}}],"collection":[{"href":"https:\/\/migracao.redenoticia.com.br\/noticia\/wp-json\/wp\/v2\/posts"}],"about":[{"href":"https:\/\/migracao.redenoticia.com.br\/noticia\/wp-json\/wp\/v2\/types\/post"}],"author":[{"embeddable":true,"href":"https:\/\/migracao.redenoticia.com.br\/noticia\/wp-json\/wp\/v2\/users\/2"}],"replies":[{"embeddable":true,"href":"https:\/\/migracao.redenoticia.com.br\/noticia\/wp-json\/wp\/v2\/comments?post=81533"}],"version-history":[{"count":0,"href":"https:\/\/migracao.redenoticia.com.br\/noticia\/wp-json\/wp\/v2\/posts\/81533\/revisions"}],"wp:featuredmedia":[{"embeddable":true,"href":"https:\/\/migracao.redenoticia.com.br\/noticia\/wp-json\/wp\/v2\/media\/57582"}],"wp:attachment":[{"href":"https:\/\/migracao.redenoticia.com.br\/noticia\/wp-json\/wp\/v2\/media?parent=81533"}],"wp:term":[{"taxonomy":"category","embeddable":true,"href":"https:\/\/migracao.redenoticia.com.br\/noticia\/wp-json\/wp\/v2\/categories?post=81533"},{"taxonomy":"post_tag","embeddable":true,"href":"https:\/\/migracao.redenoticia.com.br\/noticia\/wp-json\/wp\/v2\/tags?post=81533"}],"curies":[{"name":"wp","href":"https:\/\/api.w.org\/{rel}","templated":true}]}}