{"id":8155,"date":"2009-08-10T14:44:48","date_gmt":"2009-08-10T18:44:48","guid":{"rendered":"http:\/\/www.redenoticia.com.br\/noticia\/?p=8155"},"modified":"2009-08-10T14:44:48","modified_gmt":"2009-08-10T18:44:48","slug":"hora-do-horror-do-hopi-hari-tera-inicio-no-dia-21-de-agosto","status":"publish","type":"post","link":"https:\/\/migracao.redenoticia.com.br\/noticia\/2009\/hora-do-horror-do-hopi-hari-tera-inicio-no-dia-21-de-agosto\/8155","title":{"rendered":"Hora do Horror do Hopi Hari ter\u00e1 in\u00edcio no dia 21 de agosto"},"content":{"rendered":"<p>Para atender aos amantes do evento Hora do Horror de Hopi Hari, o in\u00edcio desta superprodu\u00e7\u00e3o, inicialmente previsto para 8 de agosto, foi adiado para dia 21 de agosto e contar\u00e1 com 40 dias de opera\u00e7\u00e3o \u2013 antes eram 39. O objetivo \u00e9 atender ao grande volume de pedidos registrados pelos visitantes \u2013 estudantes em sua maioria \u2013 que pretendem visitar o evento em excurs\u00f5es escolares.<\/p>\n<p>O tema escolhido para este ano \u00e9 \u201cCirco dos Horrores\u201d, que vem causando grande expectativa por parte do p\u00fablico.\u00a0A superprodu\u00e7\u00e3o reunir\u00e1 150 personagens caracterizados em ambienta\u00e7\u00e3o especial e mais de 1.200 metros quadrados de t\u00faneis tematizados, especialmente criados para o evento. Para completar, shows de abertura e encerramento e a tradicional Direversi \u2013 montanha-russa ao contr\u00e1rio. O funcionamento do parque durante a Hora do Horror ser\u00e1 das 11 \u00e0s 21 horas e os dias de abertura poder\u00e3o ser consultados no calend\u00e1rio do site\u00a0<a title=\"blocked::http:\/\/www.hopihari.com.br\/\" href=\"http:\/\/www.hopihari.com.br\/\" target=\"_blank\">www.hopihari.com.br<\/a>.<\/p>\n<p>O alerta sobre a chegada do circo ser\u00e1 dado \u00e0s 18h30, quando a ilumina\u00e7\u00e3o de duas das cinco regi\u00f5es tem\u00e1ticas do parque, Wild West e Mistieri, ser\u00e1 reduzida e uma trilha sonora de suspense tomar\u00e1 conta destas \u00e1reas. Com performances incr\u00edveis e grande intera\u00e7\u00e3o com o p\u00fablico, personagens como palha\u00e7os, domadores de feras, aberra\u00e7\u00f5es, hipnotizadores, ciganas, ventr\u00edloquos, medusas e tantos outros dominar\u00e3o as ruas do parque. Simultaneamente em um palco especialmente montado em Wild West ter\u00e1 in\u00edcio uma encena\u00e7\u00e3o coreografada para introduzir o p\u00fablico no contexto do evento. O circo chegou!<\/p>\n<p>Ap\u00f3s a apresenta\u00e7\u00e3o, um DJ convidado assumir\u00e1 o palco com suas performances, transformando o local numa grande festa a c\u00e9u aberto. Neste momento os tr\u00eas t\u00faneis tematizados passam a receber o p\u00fablico para viver momentos de suspense, sustos e at\u00e9 mesmo gargalhadas.<\/p>\n<p>Nos t\u00faneis os visitantes encontrar\u00e3o cen\u00e1rios como globo da morte, camarim dos palha\u00e7os, jaulas das feras, roda da morte, tiro ao alvo, canh\u00e3o humano dentre tantos outros que surpreender\u00e3o a todos com efeitos de alta tecnologia. Sensores em pontos estrat\u00e9gicos acionar\u00e3o efeitos de ar comprimido, proje\u00e7\u00f5es, sombra chinesa, luz negra e sustos a\u00e9reos. Ainda nestes espa\u00e7os haver\u00e3o pontes p\u00eansil, corredor circular girat\u00f3rio, quadros falsos e muito mais!<\/p>\n<p><strong>Direversi<\/strong><\/p>\n<p>O p\u00fablico poder\u00e1 transitar livremente pelo evento e curtir todas as atra\u00e7\u00f5es do parque, especialmente a Direversi, montanha-russa ao contr\u00e1rio, que j\u00e1 \u00e9 uma tradi\u00e7\u00e3o na Hora do Horror. A atra\u00e7\u00e3o funciona na Montezum, em Mistieri, durante todo o dia.<\/p>\n<p><strong>Gran finale<\/strong><\/p>\n<p>O encerramento da Hora do Horror ocorrer\u00e1 \u00e0s 21 horas. Cerca de 10 minutos antes, h\u00e1 a encena\u00e7\u00e3o final no palco principal. As luzes do parque voltam ao normal e os personagens saem das ruas. O circo se foi&#8230;<\/p>\n<p><strong>Infraestrutura<\/strong><\/p>\n<p>Hopi Hari \u00e9 um parque tem\u00e1tico com cinco regi\u00f5es distintas: Kaminda Mundi, Wild West, Infantasia, Mistieri e Aribabiba. Oferece 47 atra\u00e7\u00f5es diferentes para as mais diversas faixas et\u00e1rias e prefer\u00eancias, al\u00e9m de diversos espet\u00e1culos culturais. Todas suas regi\u00f5es contam com sanit\u00e1rios, bebedouros, frald\u00e1rios e telefones. Re\u00fane 29 pontos de alimenta\u00e7\u00e3o, tr\u00eas salas de cinema, possui dois teatros, um bar show, quatro salas de proje\u00e7\u00e3o (cinema 3D e simuladores), 16 lojas, 14 jogos de divers\u00e3o e estacionamento para cinco mil ve\u00edculos.\u00a0Foi eleito por sete anos consecutivos o Melhor Parque Tem\u00e1tico do Brasil, por leitores da revista Viagem e Turismo, editora Abril.<\/p>\n","protected":false},"excerpt":{"rendered":"<p>Para atender aos amantes do evento Hora do Horror de Hopi Hari, o in\u00edcio desta superprodu\u00e7\u00e3o, inicialmente previsto para 8 de agosto, foi adiado para dia 21 de agosto e contar\u00e1 com 40 dias de opera\u00e7\u00e3o \u2013 antes eram 39. O objetivo \u00e9 atender ao grande volume de pedidos registrados pelos visitantes \u2013 estudantes em [&hellip;]<\/p>\n","protected":false},"author":2,"featured_media":0,"comment_status":"open","ping_status":"open","sticky":false,"template":"","format":"standard","meta":{"tdm_status":"","tdm_grid_status":"","footnotes":""},"categories":[22],"tags":[],"class_list":{"0":"post-8155","1":"post","2":"type-post","3":"status-publish","4":"format-standard","6":"category-brasil"},"_links":{"self":[{"href":"https:\/\/migracao.redenoticia.com.br\/noticia\/wp-json\/wp\/v2\/posts\/8155","targetHints":{"allow":["GET"]}}],"collection":[{"href":"https:\/\/migracao.redenoticia.com.br\/noticia\/wp-json\/wp\/v2\/posts"}],"about":[{"href":"https:\/\/migracao.redenoticia.com.br\/noticia\/wp-json\/wp\/v2\/types\/post"}],"author":[{"embeddable":true,"href":"https:\/\/migracao.redenoticia.com.br\/noticia\/wp-json\/wp\/v2\/users\/2"}],"replies":[{"embeddable":true,"href":"https:\/\/migracao.redenoticia.com.br\/noticia\/wp-json\/wp\/v2\/comments?post=8155"}],"version-history":[{"count":0,"href":"https:\/\/migracao.redenoticia.com.br\/noticia\/wp-json\/wp\/v2\/posts\/8155\/revisions"}],"wp:attachment":[{"href":"https:\/\/migracao.redenoticia.com.br\/noticia\/wp-json\/wp\/v2\/media?parent=8155"}],"wp:term":[{"taxonomy":"category","embeddable":true,"href":"https:\/\/migracao.redenoticia.com.br\/noticia\/wp-json\/wp\/v2\/categories?post=8155"},{"taxonomy":"post_tag","embeddable":true,"href":"https:\/\/migracao.redenoticia.com.br\/noticia\/wp-json\/wp\/v2\/tags?post=8155"}],"curies":[{"name":"wp","href":"https:\/\/api.w.org\/{rel}","templated":true}]}}