{"id":8174,"date":"2009-08-10T17:24:48","date_gmt":"2009-08-10T21:24:48","guid":{"rendered":"http:\/\/www.redenoticia.com.br\/noticia\/?p=8174"},"modified":"2009-08-10T22:25:18","modified_gmt":"2009-08-11T02:25:18","slug":"anorexia-em-criancas-e-tema-de-documentario-do-discovery-home-health","status":"publish","type":"post","link":"https:\/\/migracao.redenoticia.com.br\/noticia\/2009\/anorexia-em-criancas-e-tema-de-documentario-do-discovery-home-health\/8174","title":{"rendered":"Anorexia em crian\u00e7as \u00e9 tema de document\u00e1rio do Discovery Home &#038; Health"},"content":{"rendered":"<p>O Discovery Home &amp; Health exibe um document\u00e1rio sobre um fen\u00f4meno que a cada dia torna-se mais comum: a anorexia em crian\u00e7as menores de 10 anos. No especial 8 ANOS E ANOR\u00c9XICA (DANA: The 8 Year Old Anorexic), os telespectadores conhecer\u00e3o a hist\u00f3ria de Dana, uma menina brit\u00e2nica obcecada em perder peso por raz\u00f5es que nem ela mesma compreende. O programa com uma hora de dura\u00e7\u00e3o ser\u00e1 apresentado no domingo, dia 16 de agosto, \u00e0s 23h.<br \/>\nUm artigo do jornal Los Tiempos reproduzido no portal da Organiza\u00e7\u00e3o Mundial da Sa\u00fade (OMS) e publicado no final de 2008, indica que a anorexia &#8220;afeta a popula\u00e7\u00e3o de adolescentes e que nos \u00faltimos anos a doen\u00e7a vem evoluindo de tal forma que tem aumentado a incid\u00eancia entre os mais jovens. A anorexia cresce tamb\u00e9m com a entrada dos adolescentes na sociedade&#8221;.<\/p>\n<p>Em 8 ANOS E ANOR\u00c9XICA, esses dados se confirmam com alarmantes estat\u00edsticas que indicam que 80% dos jovens entre 11 e 14 anos se preocupam com a apar\u00eancia e que cresce cada vez mais o n\u00famero de crian\u00e7as menores de 10 anos que d\u00e3o entrada em hospitais por conta de dist\u00farbios alimentares.<\/p>\n<p>O especial apresenta o processo de recupera\u00e7\u00e3o de Dana por meio de um programa de 12 semanas em que a crian\u00e7a e sua fam\u00edlia s\u00e3o atendidas na Rhodes Farm Clinic, um centro de reabilita\u00e7\u00e3o para jovens anor\u00e9xicas em Londres. Neste local, fundado pela Dra. Dee Dawson h\u00e1 20 anos, os pacientes s\u00e3o submetidos a um rigoroso e controlado regime de &#8220;reabilita\u00e7\u00e3o&#8221;, onde a meta n\u00e3o \u00e9 somente recuperar peso (um quilo por semana); os pacientes e suas fam\u00edlias tamb\u00e9m recebem tratamento psicol\u00f3gico a fim de descobrir e entender as causas que levaram a anorexia e prevenir uma reca\u00edda ou o retorno aos maus h\u00e1bitos alimentares.<\/p>\n<p>8 ANOS E ANOR\u00c9XICA \u00e9 uma produ\u00e7\u00e3o de ZKK para Canal 4 da Inglaterra.<\/p>\n<p>Para assistir ao primeiro epis\u00f3dio, acesse:<\/p>\n<p>www.press.discovery.com\/login.cfm?video=a8c5e69e764cd17ed3f29ba0f32b46b22629df2a<\/p>\n<p>O material contido no link acima \u00e9 de propriedade exclusiva da Discovery Communications, LLC (a &#8220;Companhia&#8221;) ou seus afiliados e provedores de programa\u00e7\u00e3o, e est\u00e1 protegido pelas leis de direitos autorais e demais legisla\u00e7\u00e3o aplic\u00e1vel. A distribui\u00e7\u00e3o, exibi\u00e7\u00e3o, c\u00f3pia ou divulga\u00e7\u00e3o deste material, seja na sua totalidade ou em parte, sem autoriza\u00e7\u00e3o por escrito da Companhia, est\u00e3o estritamente proibidas e podem resultar em responsabiliza\u00e7\u00e3o civil e\/ou penal do violador, em conformidade com as leis aplic\u00e1veis. A exibi\u00e7\u00e3o deste material est\u00e1 autorizada somente para a promo\u00e7\u00e3o deste programa. Qualquer outro uso, duplica\u00e7\u00e3o, distribui\u00e7\u00e3o ou exibi\u00e7\u00e3o deste material est\u00e1 estritamente proibido sem o consentimento pr\u00e9vio e por escrito da Companhia.<\/p>\n<p>SERVI\u00c7O: 8 ANOS E ANOR\u00c9XICA<\/p>\n<p>Canal: Discovery Home &amp; Health<\/p>\n<p>Estreia: Domingo, 16 de agosto, \u00e0s 23h<\/p>\n<p>Classifica\u00e7\u00e3o indicativa: 14 anos<\/p>\n","protected":false},"excerpt":{"rendered":"<p>O Discovery Home &amp; Health exibe um document\u00e1rio sobre um fen\u00f4meno que a cada dia torna-se mais comum: a anorexia em crian\u00e7as menores de 10 anos. No especial 8 ANOS E ANOR\u00c9XICA (DANA: The 8 Year Old Anorexic), os telespectadores conhecer\u00e3o a hist\u00f3ria de Dana, uma menina brit\u00e2nica obcecada em perder peso por raz\u00f5es que [&hellip;]<\/p>\n","protected":false},"author":3,"featured_media":0,"comment_status":"open","ping_status":"open","sticky":false,"template":"","format":"standard","meta":{"tdm_status":"","tdm_grid_status":"","footnotes":""},"categories":[22,5,343],"tags":[],"class_list":{"0":"post-8174","1":"post","2":"type-post","3":"status-publish","4":"format-standard","6":"category-brasil","7":"category-saude-e-vida","8":"category-televisao"},"_links":{"self":[{"href":"https:\/\/migracao.redenoticia.com.br\/noticia\/wp-json\/wp\/v2\/posts\/8174","targetHints":{"allow":["GET"]}}],"collection":[{"href":"https:\/\/migracao.redenoticia.com.br\/noticia\/wp-json\/wp\/v2\/posts"}],"about":[{"href":"https:\/\/migracao.redenoticia.com.br\/noticia\/wp-json\/wp\/v2\/types\/post"}],"author":[{"embeddable":true,"href":"https:\/\/migracao.redenoticia.com.br\/noticia\/wp-json\/wp\/v2\/users\/3"}],"replies":[{"embeddable":true,"href":"https:\/\/migracao.redenoticia.com.br\/noticia\/wp-json\/wp\/v2\/comments?post=8174"}],"version-history":[{"count":0,"href":"https:\/\/migracao.redenoticia.com.br\/noticia\/wp-json\/wp\/v2\/posts\/8174\/revisions"}],"wp:attachment":[{"href":"https:\/\/migracao.redenoticia.com.br\/noticia\/wp-json\/wp\/v2\/media?parent=8174"}],"wp:term":[{"taxonomy":"category","embeddable":true,"href":"https:\/\/migracao.redenoticia.com.br\/noticia\/wp-json\/wp\/v2\/categories?post=8174"},{"taxonomy":"post_tag","embeddable":true,"href":"https:\/\/migracao.redenoticia.com.br\/noticia\/wp-json\/wp\/v2\/tags?post=8174"}],"curies":[{"name":"wp","href":"https:\/\/api.w.org\/{rel}","templated":true}]}}