{"id":8180,"date":"2009-08-10T18:08:22","date_gmt":"2009-08-10T22:08:22","guid":{"rendered":"http:\/\/www.redenoticia.com.br\/noticia\/?p=8180"},"modified":"2009-08-10T18:08:22","modified_gmt":"2009-08-10T22:08:22","slug":"rede-record-tira-funcao-na-fazenda","status":"publish","type":"post","link":"https:\/\/migracao.redenoticia.com.br\/noticia\/2009\/rede-record-tira-funcao-na-fazenda\/8180","title":{"rendered":"Rede Record tira fun\u00e7\u00e3o na Fazenda"},"content":{"rendered":"<p>A Rede Record anunciou nesta segunda (10\/11) para todos os pe\u00f5es da Fazenda que n\u00e3o haver\u00e1 mais a fun\u00e7\u00e3o de fazendeiro da semana. Pedro anunciou esta nova regra de madrugada e agora as tarefas ter\u00e3o que ser divididas em comum acordo e na base da solidariedade, conforme insinuou o apresentador da Rede Record, Britto Jr., nos \u00faltimos programas.<\/p>\n<p>Danni Carlos sentiu aliviada por n\u00e3o ter sido Fazendeira nenhuma vez durante o reality A Fazenda e disse que continuaria cuidando das ovelhas e das galinhas. Carlinhos n\u00e3o se manifestou, Dado se prop\u00f4s a continuar cuidando da horta e do jardim e Pedro diz que vai alimentar e cuidar dos cavalos da Rede Record.<\/p>\n<p>&#8220;Mas eu acho que a palavra da semana vai ser solidariedade. O Britto (Jr.) at\u00e9 falou l\u00e1 em baixo (no Campo de Provas), na ro\u00e7a&#8221;, comentou Dado. A Rede Record tamb\u00e9m divulgou que mais tarde na Fazenda, Dado quis saber se Pedro concordaria em revezar as tarefas di\u00e1rias da fazenda. &#8220;Sabe de uma parada que pode ajudar aqui, cara? Revezamento de posi\u00e7\u00e3o&#8221; sugeriu o ator carioca. Mas Pedro n\u00e3o quis saber de conversa e ainda complementou &#8220;Ah, n\u00e3o quero, n\u00e3o. Desde a primeira semana eu disse que n\u00e3o me coloquem nessa horta nunca. Eu n\u00e3o tenho paci\u00eancia, Dado. Fora que eu n\u00e3o gosto de ficar no sol, ficar tomando sol na cacunda&#8221;.<\/p>\n<p>Fonte TV Record \u2013 A Fazenda<\/p>\n","protected":false},"excerpt":{"rendered":"<p>A Rede Record anunciou nesta segunda (10\/11) para todos os pe\u00f5es da Fazenda que n\u00e3o haver\u00e1 mais a fun\u00e7\u00e3o de fazendeiro da semana. Pedro anunciou esta nova regra de madrugada e agora as tarefas ter\u00e3o que ser divididas em comum acordo e na base da solidariedade, conforme insinuou o apresentador da Rede Record, Britto Jr., [&hellip;]<\/p>\n","protected":false},"author":3,"featured_media":0,"comment_status":"open","ping_status":"open","sticky":false,"template":"","format":"standard","meta":{"tdm_status":"","tdm_grid_status":"","footnotes":""},"categories":[22,343],"tags":[],"class_list":{"0":"post-8180","1":"post","2":"type-post","3":"status-publish","4":"format-standard","6":"category-brasil","7":"category-televisao"},"_links":{"self":[{"href":"https:\/\/migracao.redenoticia.com.br\/noticia\/wp-json\/wp\/v2\/posts\/8180","targetHints":{"allow":["GET"]}}],"collection":[{"href":"https:\/\/migracao.redenoticia.com.br\/noticia\/wp-json\/wp\/v2\/posts"}],"about":[{"href":"https:\/\/migracao.redenoticia.com.br\/noticia\/wp-json\/wp\/v2\/types\/post"}],"author":[{"embeddable":true,"href":"https:\/\/migracao.redenoticia.com.br\/noticia\/wp-json\/wp\/v2\/users\/3"}],"replies":[{"embeddable":true,"href":"https:\/\/migracao.redenoticia.com.br\/noticia\/wp-json\/wp\/v2\/comments?post=8180"}],"version-history":[{"count":0,"href":"https:\/\/migracao.redenoticia.com.br\/noticia\/wp-json\/wp\/v2\/posts\/8180\/revisions"}],"wp:attachment":[{"href":"https:\/\/migracao.redenoticia.com.br\/noticia\/wp-json\/wp\/v2\/media?parent=8180"}],"wp:term":[{"taxonomy":"category","embeddable":true,"href":"https:\/\/migracao.redenoticia.com.br\/noticia\/wp-json\/wp\/v2\/categories?post=8180"},{"taxonomy":"post_tag","embeddable":true,"href":"https:\/\/migracao.redenoticia.com.br\/noticia\/wp-json\/wp\/v2\/tags?post=8180"}],"curies":[{"name":"wp","href":"https:\/\/api.w.org\/{rel}","templated":true}]}}