{"id":81836,"date":"2016-03-06T22:08:11","date_gmt":"2016-03-07T01:08:11","guid":{"rendered":"http:\/\/www.redenoticia.com.br\/noticia\/?p=81836"},"modified":"2018-08-13T10:40:32","modified_gmt":"2018-08-13T13:40:32","slug":"bbb-16-enquete-quem-renan-indica-para-o-paredao","status":"publish","type":"post","link":"https:\/\/migracao.redenoticia.com.br\/noticia\/2016\/bbb-16-enquete-quem-renan-indica-para-o-paredao\/81836","title":{"rendered":"\u201cBBB\u201d 16 enquete: quem Renan deve indicar para o pared\u00e3o"},"content":{"rendered":"<p><a href=\"https:\/\/migracao.redenoticia.com.br\/noticia\/imagens\/bbb_noticia_globo.jpg\"><img loading=\"lazy\" decoding=\"async\" class=\"alignleft size-medium wp-image-64481\" src=\"https:\/\/migracao.redenoticia.com.br\/noticia\/imagens\/bbb_noticia_globo-187x187.jpg\" alt=\"bbb_noticia_globo\" width=\"187\" height=\"187\" srcset=\"https:\/\/migracao.redenoticia.com.br\/noticia\/imagens\/bbb_noticia_globo-187x187.jpg 187w, https:\/\/migracao.redenoticia.com.br\/noticia\/imagens\/bbb_noticia_globo.jpg 300w, https:\/\/migracao.redenoticia.com.br\/noticia\/imagens\/bbb_noticia_globo-150x150.jpg 150w, https:\/\/migracao.redenoticia.com.br\/noticia\/imagens\/bbb_noticia_globo-110x110.jpg 110w, https:\/\/migracao.redenoticia.com.br\/noticia\/imagens\/bbb_noticia_globo-50x50.jpg 50w\" sizes=\"auto, (max-width: 187px) 100vw, 187px\" \/><\/a><strong><em>&#8220;BBB&#8221; 16<\/em><\/strong>\u00a0Prova do L\u00edder 03\/03: no programa ao vivo, o L\u00edder Renan ganhou o poder de veto e eliminou Ana, Ronan e Munik da prova do L\u00edder. Os brothers tiveram que conduzir uma bolinha por um labirinto. Renan venceu a prova e assumiu novamente a lideran\u00e7a. Participe da enquete &#8220;BBB&#8221;16: quem Renan deve indicar para o pared\u00e3o.<\/p>\n<p>Resultado da enquete: quem Renan deve indicar para o pared\u00e3o?<br \/>\nAd\u00e9lia 34,17% (437 votos);<br \/>\nRonan 17,59% (225 votos);<br \/>\nAna Paula 17,28% (221 votos);<br \/>\nMatheus 11,65% (149 votos);<br \/>\nGeralda 6,72% (86 votos);<br \/>\nMaria Claudia 6,57% (84 votos);<br \/>\nMunik 6,02% (77 votos);<br \/>\nTotal de Votos &#8211; 1.279.<\/p>\n<p>Not\u00edcias relacionadas:<br \/>\n\u201cBBB\u201d 16: <a href=\"https:\/\/migracao.redenoticia.com.br\/noticia\/2016\/bbb-16-vote-no-seu-brother-preferido\/79978\">vote no seu brother preferido<\/a><br \/>\n&#8220;BBB&#8221; 16: <a href=\"https:\/\/migracao.redenoticia.com.br\/noticia\/2016\/bbb-16-resumo-dos-destaques-do-dia\/79970\">resumo dos destaques do dia<\/a><br \/>\n\u201cBBB\u201d 16: <a href=\"https:\/\/migracao.redenoticia.com.br\/noticia\/2016\/bbb-16-prova-da-comida\/80134\">prova da comida<\/a><br \/>\n\u201cBBB\u201d 16: <a href=\"https:\/\/migracao.redenoticia.com.br\/noticia\/2016\/bbb-16-prova-do-anjo-e-castigo-do-monstro\/80057\">prova do anjo e castigo do monstro<\/a><br \/>\n&#8212;<\/p>\n<p>Concorrentes: Maria Claudia (youtuber de Santa Cruz, Rio Grande do Norte, 19 anos); Munik (estudante, goiana de 19 anos); Renan (modelo, nascido em Amparo, interior de S\u00e3o Paulo, tem 29 anos); Ronan (estudante de filosofia em Curitiba, 27 anos); Geralda (63 anos, professora aposentada de Minas Gerais); Matheus (25 anos, Engenheiro de Minas).<\/p>\n<p>Fonte e imagem &#8220;BBB&#8221; 16 Rede Globo<\/p>\n","protected":false},"excerpt":{"rendered":"<p>&#8220;BBB&#8221; 16\u00a0Prova do L\u00edder 03\/03: no programa ao vivo, o L\u00edder Renan ganhou o poder de veto e eliminou Ana, Ronan e Munik da prova do L\u00edder. Os brothers tiveram que conduzir uma bolinha por um labirinto. Renan venceu a prova e assumiu novamente a lideran\u00e7a. Participe da enquete &#8220;BBB&#8221;16: quem Renan deve indicar para [&hellip;]<\/p>\n","protected":false},"author":2,"featured_media":64481,"comment_status":"open","ping_status":"closed","sticky":false,"template":"","format":"standard","meta":{"tdm_status":"","tdm_grid_status":"","footnotes":""},"categories":[520,375,343],"tags":[],"class_list":{"0":"post-81836","1":"post","2":"type-post","3":"status-publish","4":"format-standard","5":"has-post-thumbnail","7":"category-big-brother-brasil","8":"category-rede-globo","9":"category-televisao"},"_links":{"self":[{"href":"https:\/\/migracao.redenoticia.com.br\/noticia\/wp-json\/wp\/v2\/posts\/81836","targetHints":{"allow":["GET"]}}],"collection":[{"href":"https:\/\/migracao.redenoticia.com.br\/noticia\/wp-json\/wp\/v2\/posts"}],"about":[{"href":"https:\/\/migracao.redenoticia.com.br\/noticia\/wp-json\/wp\/v2\/types\/post"}],"author":[{"embeddable":true,"href":"https:\/\/migracao.redenoticia.com.br\/noticia\/wp-json\/wp\/v2\/users\/2"}],"replies":[{"embeddable":true,"href":"https:\/\/migracao.redenoticia.com.br\/noticia\/wp-json\/wp\/v2\/comments?post=81836"}],"version-history":[{"count":0,"href":"https:\/\/migracao.redenoticia.com.br\/noticia\/wp-json\/wp\/v2\/posts\/81836\/revisions"}],"wp:featuredmedia":[{"embeddable":true,"href":"https:\/\/migracao.redenoticia.com.br\/noticia\/wp-json\/wp\/v2\/media\/64481"}],"wp:attachment":[{"href":"https:\/\/migracao.redenoticia.com.br\/noticia\/wp-json\/wp\/v2\/media?parent=81836"}],"wp:term":[{"taxonomy":"category","embeddable":true,"href":"https:\/\/migracao.redenoticia.com.br\/noticia\/wp-json\/wp\/v2\/categories?post=81836"},{"taxonomy":"post_tag","embeddable":true,"href":"https:\/\/migracao.redenoticia.com.br\/noticia\/wp-json\/wp\/v2\/tags?post=81836"}],"curies":[{"name":"wp","href":"https:\/\/api.w.org\/{rel}","templated":true}]}}