{"id":8187,"date":"2009-08-10T18:52:29","date_gmt":"2009-08-10T22:52:29","guid":{"rendered":"http:\/\/www.redenoticia.com.br\/noticia\/?p=8187"},"modified":"2009-08-10T18:52:29","modified_gmt":"2009-08-10T22:52:29","slug":"jornal-da-record-investiga-a-movimentacao-dos-soldados-brasileiros-na-amazonia-e-ate-no-fundo-mar","status":"publish","type":"post","link":"https:\/\/migracao.redenoticia.com.br\/noticia\/2009\/jornal-da-record-investiga-a-movimentacao-dos-soldados-brasileiros-na-amazonia-e-ate-no-fundo-mar\/8187","title":{"rendered":"Jornal da Record investiga a movimenta\u00e7\u00e3o dos soldados brasileiros na Amaz\u00f4nia e at\u00e9 no fundo mar"},"content":{"rendered":"<p>Na semana passada, a Col\u00f4mbia teve que explicar aos vizinhos da Am\u00e9rica do Sul o plano dos Estados Unidos para instalar uma base militar americana no territ\u00f3rio colombiano. Ao mesmo tempo, est\u00e1 em andamento um novo plano de defesa do Brasil. \u00c9 nesse momento que o Jornal da Record investiga a movimenta\u00e7\u00e3o dos soldados brasileiros na Amaz\u00f4nia e at\u00e9 no fundo mar.\u00a0<\/p>\n<p>A equipe do rep\u00f3rter Vin\u00edcius D\u00f4nola viajou por todo o Pa\u00eds para conhecer os &#8220;Guerreiros do Brasil&#8221;, na nova s\u00e9rie de reportagens que vai ao ar durante toda esta semana (de 10 a 15\/08) no telejornal.<\/p>\n<p>No mais completo raio x das For\u00e7as Armadas brasileiras, as reportagens mostram qual \u00e9 o perfil dos novos militares do Brasil. Na regi\u00e3o amaz\u00f4nica, um treinamento de nove semanas em que poucos resistem. E em um submarino da frota brasileira, a a\u00e7\u00e3o da tropa de elite da Marinha. \u00a0A prepara\u00e7\u00e3o dos homens que v\u00e3o em miss\u00e3o de paz para o exterior. O que explica o sucesso dos brasileiros no Haiti?<\/p>\n<p>E ainda. Num momento em que se fala em crise e desemprego, as For\u00e7as Armadas s\u00e3o uma op\u00e7\u00e3o? \u00a0O Jornal da Record vai ao ar de segunda a sexta, \u00e0s 19h50, e aos s\u00e1bados, \u00e0s 20h30.<\/p>\n","protected":false},"excerpt":{"rendered":"<p>Na semana passada, a Col\u00f4mbia teve que explicar aos vizinhos da Am\u00e9rica do Sul o plano dos Estados Unidos para instalar uma base militar americana no territ\u00f3rio colombiano. Ao mesmo tempo, est\u00e1 em andamento um novo plano de defesa do Brasil. \u00c9 nesse momento que o Jornal da Record investiga a movimenta\u00e7\u00e3o dos soldados brasileiros [&hellip;]<\/p>\n","protected":false},"author":3,"featured_media":0,"comment_status":"open","ping_status":"open","sticky":false,"template":"","format":"standard","meta":{"tdm_status":"","tdm_grid_status":"","footnotes":""},"categories":[22,343],"tags":[],"class_list":{"0":"post-8187","1":"post","2":"type-post","3":"status-publish","4":"format-standard","6":"category-brasil","7":"category-televisao"},"_links":{"self":[{"href":"https:\/\/migracao.redenoticia.com.br\/noticia\/wp-json\/wp\/v2\/posts\/8187","targetHints":{"allow":["GET"]}}],"collection":[{"href":"https:\/\/migracao.redenoticia.com.br\/noticia\/wp-json\/wp\/v2\/posts"}],"about":[{"href":"https:\/\/migracao.redenoticia.com.br\/noticia\/wp-json\/wp\/v2\/types\/post"}],"author":[{"embeddable":true,"href":"https:\/\/migracao.redenoticia.com.br\/noticia\/wp-json\/wp\/v2\/users\/3"}],"replies":[{"embeddable":true,"href":"https:\/\/migracao.redenoticia.com.br\/noticia\/wp-json\/wp\/v2\/comments?post=8187"}],"version-history":[{"count":0,"href":"https:\/\/migracao.redenoticia.com.br\/noticia\/wp-json\/wp\/v2\/posts\/8187\/revisions"}],"wp:attachment":[{"href":"https:\/\/migracao.redenoticia.com.br\/noticia\/wp-json\/wp\/v2\/media?parent=8187"}],"wp:term":[{"taxonomy":"category","embeddable":true,"href":"https:\/\/migracao.redenoticia.com.br\/noticia\/wp-json\/wp\/v2\/categories?post=8187"},{"taxonomy":"post_tag","embeddable":true,"href":"https:\/\/migracao.redenoticia.com.br\/noticia\/wp-json\/wp\/v2\/tags?post=8187"}],"curies":[{"name":"wp","href":"https:\/\/api.w.org\/{rel}","templated":true}]}}