{"id":81908,"date":"2016-03-07T10:11:07","date_gmt":"2016-03-07T13:11:07","guid":{"rendered":"http:\/\/www.redenoticia.com.br\/noticia\/?p=81908"},"modified":"2016-03-06T16:21:06","modified_gmt":"2016-03-06T19:21:06","slug":"if-e-iag-abrem-inscricoes-para-curso-de-extensao-astronomia-para-a-docencia","status":"publish","type":"post","link":"https:\/\/migracao.redenoticia.com.br\/noticia\/2016\/if-e-iag-abrem-inscricoes-para-curso-de-extensao-astronomia-para-a-docencia\/81908","title":{"rendered":"IF e IAG abrem inscri\u00e7\u00f5es para curso de extens\u00e3o Astronomia para a Doc\u00eancia"},"content":{"rendered":"<p>Ag\u00eancia FAPESP \u2013 O Instituto de F\u00edsica (IF) e o Instituto de <strong><em>Astronomia<\/em><\/strong> e Geof\u00edsica (IAG) da Universidade de S\u00e3o Paulo (USP) abriram inscri\u00e7\u00f5es para dois cursos gratuitos de extens\u00e3o universit\u00e1ria certificados pela USP e reconhecidos pela Coordenadoria de Gest\u00e3o da Educa\u00e7\u00e3o B\u00e1sica da Secretaria de Educa\u00e7\u00e3o do Estado de S\u00e3o Paulo (CENP). As inscri\u00e7\u00f5es encerram em 11 de mar\u00e7o.<\/p>\n<p>Voltados para professores da educa\u00e7\u00e3o b\u00e1sica interessados em astronomia, os cursos Sistema Solar e Astrof\u00edsica ser\u00e3o oferecidos no formato semipresencial e ter\u00e3o como objetivo estabelecer conex\u00f5es dos conte\u00fados com as pr\u00e1ticas em sala de aula, envolvendo discuss\u00f5es de natureza epistemol\u00f3gica e pedag\u00f3gica, bem como de temas transversais aos conte\u00fados espec\u00edficos.<\/p>\n<p>O curso Sistema Solar, com 130 horas e 60 vagas, tratar\u00e1 dos seguintes temas: Din\u00e2mica Terra-Lua-Sol; astronomia de posi\u00e7\u00e3o e caracter\u00edsticas e m\u00e9todos de investiga\u00e7\u00e3o dos objetos astron\u00f4micos do Sistema Solar. O curso ser\u00e1 realizado de mar\u00e7o a julho no IF-USP.<\/p>\n<p>O curso Astrof\u00edsica, com 240 horas e 60 vagas, ter\u00e1 foco nos temas Estrelas e evolu\u00e7\u00e3o estelar; Gal\u00e1xias; Cosmologia; Astrobiologia e tamb\u00e9m os conte\u00fados relacionados ao curso Sistema Solar. Ser\u00e1 realizado de mar\u00e7o a outubro no IF-USP.<\/p>\n<p>Inscri\u00e7\u00f5es devem ser feitas no endere\u00e7o . Os interessados dever\u00e3o anexar RG, CPF, diploma de Ensino Superior, comprovante de doc\u00eancia, formul\u00e1rio do curso preenchido, carta de declara\u00e7\u00e3o de interesse e disponibilidade.<\/p>\n<p>Mais informa\u00e7\u00f5es sobre os cursos podem ser obtidas pelo e-mail incta.ead@iag.usp.br. Para falar com a coordena\u00e7\u00e3o do curso escreva para a profa. Anne Scarinci (anne@if.usp.br).<\/p>\n<p>Mais informa\u00e7\u00f5es sobre o IFUSP acesse o site: .<\/p>\n","protected":false},"excerpt":{"rendered":"<p>Ag\u00eancia FAPESP \u2013 O Instituto de F\u00edsica (IF) e o Instituto de Astronomia e Geof\u00edsica (IAG) da Universidade de S\u00e3o Paulo (USP) abriram inscri\u00e7\u00f5es para dois cursos gratuitos de extens\u00e3o universit\u00e1ria certificados pela USP e reconhecidos pela Coordenadoria de Gest\u00e3o da Educa\u00e7\u00e3o B\u00e1sica da Secretaria de Educa\u00e7\u00e3o do Estado de S\u00e3o Paulo (CENP). As inscri\u00e7\u00f5es [&hellip;]<\/p>\n","protected":false},"author":2,"featured_media":39886,"comment_status":"open","ping_status":"closed","sticky":false,"template":"","format":"standard","meta":{"tdm_status":"","tdm_grid_status":"","footnotes":""},"categories":[22,370,353],"tags":[],"class_list":{"0":"post-81908","1":"post","2":"type-post","3":"status-publish","4":"format-standard","5":"has-post-thumbnail","7":"category-brasil","8":"category-inscricao","9":"category-oportunidades"},"_links":{"self":[{"href":"https:\/\/migracao.redenoticia.com.br\/noticia\/wp-json\/wp\/v2\/posts\/81908","targetHints":{"allow":["GET"]}}],"collection":[{"href":"https:\/\/migracao.redenoticia.com.br\/noticia\/wp-json\/wp\/v2\/posts"}],"about":[{"href":"https:\/\/migracao.redenoticia.com.br\/noticia\/wp-json\/wp\/v2\/types\/post"}],"author":[{"embeddable":true,"href":"https:\/\/migracao.redenoticia.com.br\/noticia\/wp-json\/wp\/v2\/users\/2"}],"replies":[{"embeddable":true,"href":"https:\/\/migracao.redenoticia.com.br\/noticia\/wp-json\/wp\/v2\/comments?post=81908"}],"version-history":[{"count":0,"href":"https:\/\/migracao.redenoticia.com.br\/noticia\/wp-json\/wp\/v2\/posts\/81908\/revisions"}],"wp:featuredmedia":[{"embeddable":true,"href":"https:\/\/migracao.redenoticia.com.br\/noticia\/wp-json\/wp\/v2\/media\/39886"}],"wp:attachment":[{"href":"https:\/\/migracao.redenoticia.com.br\/noticia\/wp-json\/wp\/v2\/media?parent=81908"}],"wp:term":[{"taxonomy":"category","embeddable":true,"href":"https:\/\/migracao.redenoticia.com.br\/noticia\/wp-json\/wp\/v2\/categories?post=81908"},{"taxonomy":"post_tag","embeddable":true,"href":"https:\/\/migracao.redenoticia.com.br\/noticia\/wp-json\/wp\/v2\/tags?post=81908"}],"curies":[{"name":"wp","href":"https:\/\/api.w.org\/{rel}","templated":true}]}}