{"id":81924,"date":"2016-03-07T10:29:50","date_gmt":"2016-03-07T13:29:50","guid":{"rendered":"http:\/\/www.redenoticia.com.br\/noticia\/?p=81924"},"modified":"2016-03-06T16:30:59","modified_gmt":"2016-03-06T19:30:59","slug":"diferenca-entre-dengue-zika-e-chikungunya-e-sutil-diz-especialista","status":"publish","type":"post","link":"https:\/\/migracao.redenoticia.com.br\/noticia\/2016\/diferenca-entre-dengue-zika-e-chikungunya-e-sutil-diz-especialista\/81924","title":{"rendered":"Diferen\u00e7a entre dengue, Zika e chikungunya \u00e9 sutil, diz especialista"},"content":{"rendered":"<p> As tr\u00eas viroses que mais assustam o Brasil no momento \u2013 <strong><em>dengue, Zika e chikungunya<\/em><\/strong> \u2013 s\u00e3o doen\u00e7as infecciosas agudas transmitidas pelo mesmo vetor, o mosquito Aedes aegypti. As semelhan\u00e7as n\u00e3o param por a\u00ed: todas elas podem provocar febre, dor e manchas pelo corpo. \u201cA diferen\u00e7a \u00e9 sutil e o diagn\u00f3stico precisa ser cl\u00ednico e epidemiol\u00f3gico, levando em conta a situa\u00e7\u00e3o de infec\u00e7\u00f5es naquela localidade\u201d, explicou a infectologista e epidemiologista Helena Br\u00edgida.<\/p>\n<p>Em entrevista \u00e0 Ag\u00eancia Brasil, a integrante do Comit\u00ea de Arboviroses da Sociedade Brasileira de Infectologia destacou que, no caso da dengue, o sintoma de maior destaque \u00e9 a febre, sempre alta e de in\u00edcio s\u00fabito. J\u00e1 a caracter\u00edstica mais marcante na infec\u00e7\u00e3o por chikungunya s\u00e3o as dores nas articula\u00e7\u00f5es, bem mais intensas que nas outras duas doen\u00e7as. Por fim, o Zika tem como principal manifesta\u00e7\u00e3o manchas pelo corpo bastante avermelhadas e que co\u00e7am muito, al\u00e9m de joelhos e tornozelos inchados.<\/p>\n<p>\u201cA gente tem que perguntar ao paciente se co\u00e7a muito, se ele teve febre, se a febre passa quando ele toma rem\u00e9dio, se h\u00e1 dor nas juntas, se o p\u00e9 est\u00e1 inchado. N\u00e3o d\u00e1 pra dizer logo de cara o que \u00e9. O m\u00e9dico tem que ouvir todo o conjunto de sintomas para definir a melhor conduta\u201d, destacou. A especialista contou ainda que, em seis horas de plant\u00e3o em um \u00fanico dia, se deparou com quatro casos de Zika em seu consult\u00f3rio. A colega que atendia na sala ao lado, segundo ela, registrou outros quatro casos da mesma doen\u00e7a.<\/p>\n<p>A infectologista tamb\u00e9m ressaltou que o tratamento para as tr\u00eas doen\u00e7as \u00e9 sintom\u00e1tico, ou seja, estabelecido com base nos sintomas apresentados pelo paciente e n\u00e3o muda diante de um resultado laboratorial positivo ou negativo. A confirma\u00e7\u00e3o por teste, segundo ela, \u00e9 importante sobretudo entre gestantes, diante da poss\u00edvel associa\u00e7\u00e3o de microcefalia com o v\u00edrus Zika, e entre pacientes com quadro de complica\u00e7\u00f5es neurol\u00f3gicas tamb\u00e9m possivelmente associadas \u00e0 infec\u00e7\u00e3o.<\/p>\n<p>Paula Laboissi\u00e8re \u2013 Rep\u00f3rter da Ag\u00eancia Brasil<br \/>\nEdi\u00e7\u00e3o: Denise Griesinger<br \/>\n07\/03\/2016<\/p>\n","protected":false},"excerpt":{"rendered":"<p>As tr\u00eas viroses que mais assustam o Brasil no momento \u2013 dengue, Zika e chikungunya \u2013 s\u00e3o doen\u00e7as infecciosas agudas transmitidas pelo mesmo vetor, o mosquito Aedes aegypti. As semelhan\u00e7as n\u00e3o param por a\u00ed: todas elas podem provocar febre, dor e manchas pelo corpo. \u201cA diferen\u00e7a \u00e9 sutil e o diagn\u00f3stico precisa ser cl\u00ednico e [&hellip;]<\/p>\n","protected":false},"author":2,"featured_media":40847,"comment_status":"open","ping_status":"closed","sticky":false,"template":"","format":"standard","meta":{"tdm_status":"","tdm_grid_status":"","footnotes":""},"categories":[22,5],"tags":[],"class_list":{"0":"post-81924","1":"post","2":"type-post","3":"status-publish","4":"format-standard","5":"has-post-thumbnail","7":"category-brasil","8":"category-saude-e-vida"},"_links":{"self":[{"href":"https:\/\/migracao.redenoticia.com.br\/noticia\/wp-json\/wp\/v2\/posts\/81924","targetHints":{"allow":["GET"]}}],"collection":[{"href":"https:\/\/migracao.redenoticia.com.br\/noticia\/wp-json\/wp\/v2\/posts"}],"about":[{"href":"https:\/\/migracao.redenoticia.com.br\/noticia\/wp-json\/wp\/v2\/types\/post"}],"author":[{"embeddable":true,"href":"https:\/\/migracao.redenoticia.com.br\/noticia\/wp-json\/wp\/v2\/users\/2"}],"replies":[{"embeddable":true,"href":"https:\/\/migracao.redenoticia.com.br\/noticia\/wp-json\/wp\/v2\/comments?post=81924"}],"version-history":[{"count":0,"href":"https:\/\/migracao.redenoticia.com.br\/noticia\/wp-json\/wp\/v2\/posts\/81924\/revisions"}],"wp:featuredmedia":[{"embeddable":true,"href":"https:\/\/migracao.redenoticia.com.br\/noticia\/wp-json\/wp\/v2\/media\/40847"}],"wp:attachment":[{"href":"https:\/\/migracao.redenoticia.com.br\/noticia\/wp-json\/wp\/v2\/media?parent=81924"}],"wp:term":[{"taxonomy":"category","embeddable":true,"href":"https:\/\/migracao.redenoticia.com.br\/noticia\/wp-json\/wp\/v2\/categories?post=81924"},{"taxonomy":"post_tag","embeddable":true,"href":"https:\/\/migracao.redenoticia.com.br\/noticia\/wp-json\/wp\/v2\/tags?post=81924"}],"curies":[{"name":"wp","href":"https:\/\/api.w.org\/{rel}","templated":true}]}}