{"id":81926,"date":"2016-03-07T10:31:04","date_gmt":"2016-03-07T13:31:04","guid":{"rendered":"http:\/\/www.redenoticia.com.br\/noticia\/?p=81926"},"modified":"2016-03-06T16:32:32","modified_gmt":"2016-03-06T19:32:32","slug":"producao-de-veiculos-cai-125-em-fevereiro","status":"publish","type":"post","link":"https:\/\/migracao.redenoticia.com.br\/noticia\/2016\/producao-de-veiculos-cai-125-em-fevereiro\/81926","title":{"rendered":"Produ\u00e7\u00e3o de ve\u00edculos cai 12,5% em fevereiro"},"content":{"rendered":"<p> A <strong><em>produ\u00e7\u00e3o de ve\u00edculos<\/em><\/strong> automotores caiu 12,5 % em fevereiro, com a fabrica\u00e7\u00e3o de 131,3 mil unidades ante janeiro, quando foram produzidos 150,1 mil ve\u00edculos, de acordo com balan\u00e7o da Associa\u00e7\u00e3o Nacional dos Fabricantes de Ve\u00edculos Automotores (Anfavea), divulgado na capital paulista. Na compara\u00e7\u00e3o com janeiro de 2015, a produ\u00e7\u00e3o caiu 36,4%. No acumulado dos dois primeiros meses do ano, quando foram fabricados 281,42 mil carros, houve queda de 31,6%, j\u00e1 que nesse mesmo per\u00edodo do ano passado a produ\u00e7\u00e3o chegou a 411,71 mil.<\/p>\n<p>O licenciamento em fevereiro chegou a 146,8 mil unidades, o que representou uma queda de 5,5% ante os 155,3 mil vendidos em janeiro. Na compara\u00e7\u00e3o com fevereiro do ano passado, quando foram vendidos 185,9 mil ve\u00edculos, o licenciamento caiu 21%. No acumulado deste ano foram comercializados 302,09 mil ve\u00edculos, 31,3% a menos do quie no mesmo per\u00edodo de 2015.<\/p>\n<p>As exporta\u00e7\u00f5es aumentaram 53,1% em fevereiro de 2016, na compara\u00e7\u00e3o com janeiro. Foram vendidas no mercado externo 36,484 mil unidades contra as 23,834 de janeiro. Na compara\u00e7\u00e3o com fevereiro de 2015, quando o setor vendeu 31,266 mil unidades, foi registrada eleva\u00e7\u00e3o de 16,7%. No acumulado do ano houve eleva\u00e7\u00e3o de 26,8%, com a comercializa\u00e7\u00e3o de 60,318 mil unidades contra as 47.568 dos dois primeiros meses do ano passado.<\/p>\n<p>Fl\u00e1via Albuquerque \u2013 Rep\u00f3rter da Ag\u00eancia Brasil<br \/>\nEdi\u00e7\u00e3o: Maria Claudia<br \/>\n07\/03\/2016<\/p>\n","protected":false},"excerpt":{"rendered":"<p>A produ\u00e7\u00e3o de ve\u00edculos automotores caiu 12,5 % em fevereiro, com a fabrica\u00e7\u00e3o de 131,3 mil unidades ante janeiro, quando foram produzidos 150,1 mil ve\u00edculos, de acordo com balan\u00e7o da Associa\u00e7\u00e3o Nacional dos Fabricantes de Ve\u00edculos Automotores (Anfavea), divulgado na capital paulista. Na compara\u00e7\u00e3o com janeiro de 2015, a produ\u00e7\u00e3o caiu 36,4%. No acumulado dos [&hellip;]<\/p>\n","protected":false},"author":2,"featured_media":57583,"comment_status":"open","ping_status":"closed","sticky":false,"template":"","format":"standard","meta":{"tdm_status":"","tdm_grid_status":"","footnotes":""},"categories":[22,7],"tags":[],"class_list":{"0":"post-81926","1":"post","2":"type-post","3":"status-publish","4":"format-standard","5":"has-post-thumbnail","7":"category-brasil","8":"category-economia"},"_links":{"self":[{"href":"https:\/\/migracao.redenoticia.com.br\/noticia\/wp-json\/wp\/v2\/posts\/81926","targetHints":{"allow":["GET"]}}],"collection":[{"href":"https:\/\/migracao.redenoticia.com.br\/noticia\/wp-json\/wp\/v2\/posts"}],"about":[{"href":"https:\/\/migracao.redenoticia.com.br\/noticia\/wp-json\/wp\/v2\/types\/post"}],"author":[{"embeddable":true,"href":"https:\/\/migracao.redenoticia.com.br\/noticia\/wp-json\/wp\/v2\/users\/2"}],"replies":[{"embeddable":true,"href":"https:\/\/migracao.redenoticia.com.br\/noticia\/wp-json\/wp\/v2\/comments?post=81926"}],"version-history":[{"count":0,"href":"https:\/\/migracao.redenoticia.com.br\/noticia\/wp-json\/wp\/v2\/posts\/81926\/revisions"}],"wp:featuredmedia":[{"embeddable":true,"href":"https:\/\/migracao.redenoticia.com.br\/noticia\/wp-json\/wp\/v2\/media\/57583"}],"wp:attachment":[{"href":"https:\/\/migracao.redenoticia.com.br\/noticia\/wp-json\/wp\/v2\/media?parent=81926"}],"wp:term":[{"taxonomy":"category","embeddable":true,"href":"https:\/\/migracao.redenoticia.com.br\/noticia\/wp-json\/wp\/v2\/categories?post=81926"},{"taxonomy":"post_tag","embeddable":true,"href":"https:\/\/migracao.redenoticia.com.br\/noticia\/wp-json\/wp\/v2\/tags?post=81926"}],"curies":[{"name":"wp","href":"https:\/\/api.w.org\/{rel}","templated":true}]}}