{"id":81932,"date":"2016-03-08T23:25:33","date_gmt":"2016-03-09T02:25:33","guid":{"rendered":"http:\/\/www.redenoticia.com.br\/noticia\/?p=81932"},"modified":"2018-08-13T10:40:32","modified_gmt":"2018-08-13T13:40:32","slug":"bbb-16-votacao-em-adelia-munik-e-ronan-movimenta-as-enquetes","status":"publish","type":"post","link":"https:\/\/migracao.redenoticia.com.br\/noticia\/2016\/bbb-16-votacao-em-adelia-munik-e-ronan-movimenta-as-enquetes\/81932","title":{"rendered":"\u201cBBB\u201d 16: vota\u00e7\u00e3o em Ad\u00e9lia, Munik e Ronan movimentou as enquetes"},"content":{"rendered":"<p><a href=\"https:\/\/migracao.redenoticia.com.br\/noticia\/imagens\/bbb_enquete_votacao.jpg\"><img loading=\"lazy\" decoding=\"async\" class=\"alignleft size-medium wp-image-64479\" src=\"https:\/\/migracao.redenoticia.com.br\/noticia\/imagens\/bbb_enquete_votacao-187x187.jpg\" alt=\"bbb_enquete_votacao\" width=\"187\" height=\"187\" srcset=\"https:\/\/migracao.redenoticia.com.br\/noticia\/imagens\/bbb_enquete_votacao-187x187.jpg 187w, https:\/\/migracao.redenoticia.com.br\/noticia\/imagens\/bbb_enquete_votacao.jpg 300w, https:\/\/migracao.redenoticia.com.br\/noticia\/imagens\/bbb_enquete_votacao-150x150.jpg 150w, https:\/\/migracao.redenoticia.com.br\/noticia\/imagens\/bbb_enquete_votacao-110x110.jpg 110w, https:\/\/migracao.redenoticia.com.br\/noticia\/imagens\/bbb_enquete_votacao-50x50.jpg 50w\" sizes=\"auto, (max-width: 187px) 100vw, 187px\" \/><\/a><em><strong>\u201cBBB&#8221; 16 vota\u00e7\u00e3o enquete:<\/strong><\/em> em 08\/03, Ad\u00e9lia somou 6 pontos (Norte 75,14%; Nordeste 73,23%; Centro-Oeste 76,55%; Sudeste 70,67%; Sul 67,65%; Telefone e SMS 63,02% dos votos) e foi eliminada do programa. O Pared\u00e3o come\u00e7ou em 06\/03, quando Matheus usou o poder do Anjo e imunizou Geralda. O apresentador Pedro Bial anunciou o poder do imunizado nesta semana e Geralda indicou Ad\u00e9lia para o pared\u00e3o. O L\u00edder Renan indicou Ronan. Na vota\u00e7\u00e3o da casa, Munik e Renan receberam 3 votos e, no desempate, Renan indicou Munik para a disputa do segundo pared\u00e3o triplo desta edi\u00e7\u00e3o. Vota\u00e7\u00e3o da casa: Geralda, Munik e Ronan votaram em Renan. Cacau, Ad\u00e9lia e Matheus indicaram Munik. Logo depois, Pedro Bial deu largada na vota\u00e7\u00e3o do pared\u00e3o. A vota\u00e7\u00e3o aconteceu at\u00e9 o programa ao vivo da ter\u00e7a-feira, 08\/03.<\/p>\n<p>Evolu\u00e7\u00e3o da vota\u00e7\u00e3o na enquete Rede Not\u00edcia: Quem deve sair do \u201cBBB\u201d 16?<br \/>\n(07\/03 00h38) &#8211; Ad\u00e9lia 60,61%; Ronan 35,21%; Munik 4,17%;  18.288 votos.<br \/>\n(07\/03 11h25) &#8211; Ad\u00e9lia 64,79%; Ronan 30,82%; Munik 4,39%; 130.050 votos.<br \/>\n(08\/03 02h09) &#8211; Ad\u00e9lia 68,17%; Ronan 27,56%; Munik 4,27%; 310.973 votos.<br \/>\n(08\/03 22h05) &#8211; Ad\u00e9lia 70,09%; Ronan 26,02%; Munik 3,89%; 457.814 votos.<br \/>\n(08\/03 23h18) &#8211; Ad\u00e9lia 70,12%; Ronan 25,97%; Munik 3,91%; 499.546 votos. <\/p>\n<p>Na Enquete Uol \u2013 Quem voc\u00ea prefere que seja eliminado?<br \/>\n(07\/03 00h38) &#8211; Ad\u00e9lia 48,55%; Ronan 46,72%; Munik 4,73%;    20.672 votos.<br \/>\n(07\/03 11h25) &#8211; Ad\u00e9lia 46,55%; Ronan 46,31%; Munik 7,14%;   192.186 votos.<br \/>\n(08\/03 02h09) &#8211; Ad\u00e9lia 47,14%; Ronan 45,57%; Munik 7,29%;   661.938 votos.<br \/>\n(08\/03 22h05) &#8211; Ad\u00e9lia 46,33%; Ronan 47,08%; Munik 6,59%; 1.198.197 votos.<br \/>\n(08\/03 23h18) &#8211; Ad\u00e9lia 46,00%; Ronan 48,00%; Munik 6,00%; 1.345.666 votos.<\/p>\n<p>A vota\u00e7\u00e3o oficial aconteceu no endere\u00e7o da\u00a0<a href=\"http:\/\/gshow.globo.com\/realities\/bbb\/\" target=\"_blank\">Rede Globo \u201cBBB&#8221; 16<\/a> at\u00e9 o programa de ter\u00e7a-feira, ao vivo.<\/p>\n<p>Fonte \u201cBBB&#8221; 16 \u2013 Vota\u00e7\u00e3o Enquete<\/p>\n<p>Not\u00edcias relacionadas:<br \/>\n\u201cBBB\u201d 16: <a href=\"https:\/\/migracao.redenoticia.com.br\/noticia\/2016\/bbb-16-resumo-dos-destaques-do-dia\/79970\">resumo dos destaques do dia<\/a><br \/>\n\u201cBBB\u201d 16: <a href=\"https:\/\/migracao.redenoticia.com.br\/noticia\/2016\/bbb-16-prova-da-comida\/80134\">prova da comida<\/a><br \/>\n\u201cBBB\u201d 16: <a href=\"https:\/\/migracao.redenoticia.com.br\/noticia\/2016\/bbb-16-prova-do-anjo-e-castigo-do-monstro\/80057\">prova do anjo e castigo do monstro<\/a><br \/>\n\u201cBBB\u201d 16 enquete: <a href=\"https:\/\/migracao.redenoticia.com.br\/noticia\/2016\/bbb-16-vote-no-seu-brother-preferido\/79978\">vote no seu brother preferido<\/a><\/p>\n<p>&#8212;<br \/>\nConcorrentes que entraram na casa em 19\/01: Ad\u00e9lia (Advogada, mora em S\u00e3o Paulo); Alan (Doutor em Filosofia em Natal, Rio Grande do Norte); Ana Paula (mineira de 34 anos, formada em Comunica\u00e7\u00e3o); Daniel (empres\u00e1rio, 38 anos,carioca); Harumi (64 anos, Jornalista em S\u00e3o Paulo); Juliana (paulista, bailarina, 31 anos); La\u00e9rcio (53 anos, curitibano, designer de tatuagem); Maria Claudia (youtuber de Santa Cruz, Rio Grande do Norte, 19 anos); Munik (estudante, goiana de 19 anos); Renan (modelo, nascido em Amparo, interior de S\u00e3o Paulo, tem 29 anos); Ronan (estudante de filosofia em Curitiba, 27 anos); Tamiel (41 anos, professor de Ecologia em Goi\u00e2nia).<\/p>\n<p>Concorrentes que entraram na casa em 23\/01: Geralda (63 anos, professora aposentada de Minas Gerais); William ou Blackout (35 anos, seguran\u00e7a); Fernanda (28 anos, escritora e artista mineira); Matheus (25 anos, Engenheiro de Minas).<\/p>\n","protected":false},"excerpt":{"rendered":"<p>\u201cBBB&#8221; 16 vota\u00e7\u00e3o enquete: em 08\/03, Ad\u00e9lia somou 6 pontos (Norte 75,14%; Nordeste 73,23%; Centro-Oeste 76,55%; Sudeste 70,67%; Sul 67,65%; Telefone e SMS 63,02% dos votos) e foi eliminada do programa. O Pared\u00e3o come\u00e7ou em 06\/03, quando Matheus usou o poder do Anjo e imunizou Geralda. O apresentador Pedro Bial anunciou o poder do imunizado [&hellip;]<\/p>\n","protected":false},"author":2,"featured_media":64479,"comment_status":"open","ping_status":"closed","sticky":false,"template":"","format":"standard","meta":{"tdm_status":"","tdm_grid_status":"","footnotes":""},"categories":[520,375,343],"tags":[],"class_list":{"0":"post-81932","1":"post","2":"type-post","3":"status-publish","4":"format-standard","5":"has-post-thumbnail","7":"category-big-brother-brasil","8":"category-rede-globo","9":"category-televisao"},"_links":{"self":[{"href":"https:\/\/migracao.redenoticia.com.br\/noticia\/wp-json\/wp\/v2\/posts\/81932","targetHints":{"allow":["GET"]}}],"collection":[{"href":"https:\/\/migracao.redenoticia.com.br\/noticia\/wp-json\/wp\/v2\/posts"}],"about":[{"href":"https:\/\/migracao.redenoticia.com.br\/noticia\/wp-json\/wp\/v2\/types\/post"}],"author":[{"embeddable":true,"href":"https:\/\/migracao.redenoticia.com.br\/noticia\/wp-json\/wp\/v2\/users\/2"}],"replies":[{"embeddable":true,"href":"https:\/\/migracao.redenoticia.com.br\/noticia\/wp-json\/wp\/v2\/comments?post=81932"}],"version-history":[{"count":0,"href":"https:\/\/migracao.redenoticia.com.br\/noticia\/wp-json\/wp\/v2\/posts\/81932\/revisions"}],"wp:featuredmedia":[{"embeddable":true,"href":"https:\/\/migracao.redenoticia.com.br\/noticia\/wp-json\/wp\/v2\/media\/64479"}],"wp:attachment":[{"href":"https:\/\/migracao.redenoticia.com.br\/noticia\/wp-json\/wp\/v2\/media?parent=81932"}],"wp:term":[{"taxonomy":"category","embeddable":true,"href":"https:\/\/migracao.redenoticia.com.br\/noticia\/wp-json\/wp\/v2\/categories?post=81932"},{"taxonomy":"post_tag","embeddable":true,"href":"https:\/\/migracao.redenoticia.com.br\/noticia\/wp-json\/wp\/v2\/tags?post=81932"}],"curies":[{"name":"wp","href":"https:\/\/api.w.org\/{rel}","templated":true}]}}