{"id":8199,"date":"2009-08-10T21:42:00","date_gmt":"2009-08-11T01:42:00","guid":{"rendered":"http:\/\/www.redenoticia.com.br\/noticia\/?p=8199"},"modified":"2009-08-10T21:42:00","modified_gmt":"2009-08-11T01:42:00","slug":"sbt-na-sky","status":"publish","type":"post","link":"https:\/\/migracao.redenoticia.com.br\/noticia\/2009\/sbt-na-sky\/8199","title":{"rendered":"SBT na SKY"},"content":{"rendered":"<p><a href=\"https:\/\/migracao.redenoticia.com.br\/noticia\/imagens\/\/sbt.jpg\"><img loading=\"lazy\" decoding=\"async\" class=\"alignleft size-full wp-image-8200\" title=\"sbt\" src=\"https:\/\/migracao.redenoticia.com.br\/noticia\/imagens\/\/sbt.jpg\" alt=\"sbt\" width=\"150\" height=\"113\" srcset=\"https:\/\/migracao.redenoticia.com.br\/noticia\/imagens\/sbt.jpg 150w, https:\/\/migracao.redenoticia.com.br\/noticia\/imagens\/sbt-148x112.jpg 148w\" sizes=\"auto, (max-width: 150px) 100vw, 150px\" \/><\/a>A partir desta ter\u00e7a-feira, 11 de agosto, o SBT passa a fazer parte do line-up da operadora SKY. A emissora ocupar\u00e1 o canal 9 e estar\u00e1 dispon\u00edvel a partir do pacote b\u00e1sico e em todos os servi\u00e7os oferecidos pela SKY, incluindo SKY HDTV. \u00a0\u201cEstamos felizes por oferecer o SBT para os nossos clientes, era o canal aberto que faltava em nossa grade. Sabemos da relev\u00e2ncia do canal e temos certeza que estaremos atendendo um desejo da nossa base\u201d, conclui Agricio Neto, vice-presidente de marketing e programa\u00e7\u00e3o da SKY.\u00a0<\/p>\n<p>O sinal do SBT ser\u00e1 distribu\u00eddo para regi\u00f5es que abrangem aproximadamente 75% da base de assinantes da SKY, sendo que esta cobertura poder\u00e1 aumentar.<\/p>\n<p>Outra novidade do SBT \u00e9 que a partir desta segunda, 10 de agosto, o SBT Brasil ganha a presen\u00e7a da jornalista e apresentadora Karyn Bravo, que estar\u00e1 na bancada ao lado de Carlos Nascimento, e agora tamb\u00e9m na SKY. \u00a0Karyn est\u00e1 na emissora desde novembro do ano passado e continuar\u00e1 com a fun\u00e7\u00e3o de editora e apresentadora do Tempo no SBT.<\/p>\n","protected":false},"excerpt":{"rendered":"<p>A partir desta ter\u00e7a-feira, 11 de agosto, o SBT passa a fazer parte do line-up da operadora SKY. A emissora ocupar\u00e1 o canal 9 e estar\u00e1 dispon\u00edvel a partir do pacote b\u00e1sico e em todos os servi\u00e7os oferecidos pela SKY, incluindo SKY HDTV. \u00a0\u201cEstamos felizes por oferecer o SBT para os nossos clientes, era o [&hellip;]<\/p>\n","protected":false},"author":3,"featured_media":0,"comment_status":"open","ping_status":"open","sticky":false,"template":"","format":"standard","meta":{"tdm_status":"","tdm_grid_status":"","footnotes":""},"categories":[22,343],"tags":[],"class_list":{"0":"post-8199","1":"post","2":"type-post","3":"status-publish","4":"format-standard","6":"category-brasil","7":"category-televisao"},"_links":{"self":[{"href":"https:\/\/migracao.redenoticia.com.br\/noticia\/wp-json\/wp\/v2\/posts\/8199","targetHints":{"allow":["GET"]}}],"collection":[{"href":"https:\/\/migracao.redenoticia.com.br\/noticia\/wp-json\/wp\/v2\/posts"}],"about":[{"href":"https:\/\/migracao.redenoticia.com.br\/noticia\/wp-json\/wp\/v2\/types\/post"}],"author":[{"embeddable":true,"href":"https:\/\/migracao.redenoticia.com.br\/noticia\/wp-json\/wp\/v2\/users\/3"}],"replies":[{"embeddable":true,"href":"https:\/\/migracao.redenoticia.com.br\/noticia\/wp-json\/wp\/v2\/comments?post=8199"}],"version-history":[{"count":0,"href":"https:\/\/migracao.redenoticia.com.br\/noticia\/wp-json\/wp\/v2\/posts\/8199\/revisions"}],"wp:attachment":[{"href":"https:\/\/migracao.redenoticia.com.br\/noticia\/wp-json\/wp\/v2\/media?parent=8199"}],"wp:term":[{"taxonomy":"category","embeddable":true,"href":"https:\/\/migracao.redenoticia.com.br\/noticia\/wp-json\/wp\/v2\/categories?post=8199"},{"taxonomy":"post_tag","embeddable":true,"href":"https:\/\/migracao.redenoticia.com.br\/noticia\/wp-json\/wp\/v2\/tags?post=8199"}],"curies":[{"name":"wp","href":"https:\/\/api.w.org\/{rel}","templated":true}]}}