{"id":81994,"date":"2019-03-06T19:00:31","date_gmt":"2019-03-06T22:00:31","guid":{"rendered":"http:\/\/www.redenoticia.com.br\/noticia\/?p=81994"},"modified":"2019-03-06T20:19:50","modified_gmt":"2019-03-06T23:19:50","slug":"pascoa-veja-dicas-para-a-compra-de-ovos-bombons-e-barras-de-chocolate","status":"publish","type":"post","link":"https:\/\/migracao.redenoticia.com.br\/noticia\/2019\/pascoa-veja-dicas-para-a-compra-de-ovos-bombons-e-barras-de-chocolate\/81994","title":{"rendered":"P\u00e1scoa: veja dicas para a compra de ovos, bombons e barras de chocolate"},"content":{"rendered":"<p>A <strong><em>P\u00e1scoa<\/em><\/strong> est\u00e1 chegando e com ela as ofertas de ovos de chocolate de diversas cores, recheios e tamanhos que invadem o com\u00e9rcio. Por isso, antes de comprar \u00e9 importante pesquisar bem e pensar primeiro no seu bolso e, dependendo do valor, ter em mente que oval, redondo ou em barra, chocolate sempre ser\u00e1 chocolate.<\/p>\n<p>Veja (abaixo) as recomenda\u00e7\u00f5es da Funda\u00e7\u00e3o Procon-SP, \u00f3rg\u00e3o ligado \u00e0 Secretaria de Estado da Justi\u00e7a e Defesa da Cidadania.<\/p>\n<p>Como economizar:<br \/>\n&#8211; Fa\u00e7a uma lista de op\u00e7\u00f5es e atualize ao menos tr\u00eas vezes, em dias diferentes;<\/p>\n<p>&#8211; Estabele\u00e7a limites financeiros e associe com a lista criada, no t\u00f3pico anterior;<\/p>\n<p>&#8211; Procure alternativas aos produtos de marcas mais caras;<\/p>\n<p>&#8211; (Esta \u00e9 uma dica valios\u00edssima) Use a criatividade como uma arma fundamental nos tempos de crise e de altos pre\u00e7os.<\/p>\n<p>Dicas independentemente das op\u00e7\u00f5es de compra:<br \/>\n&#8211; Como ocorre com outros alimentos, a embalagem de ovos ou da barra de chocolate deve estar em boas condi\u00e7\u00f5es de armazenamento, longe de produtos de limpeza, de odor forte e de qualquer fonte de calor. Verifique se h\u00e1 sinais de viola\u00e7\u00e3o do conte\u00fado. Evite produtos amassados ou com furos na embalagem;<\/p>\n<p>&#8211; Quando houver inclus\u00e3o de brinquedos observe se na embalagem cont\u00e9m o selo com a idade recomend\u00e1vel para seu uso, al\u00e9m da seguinte frase: &#8220;Aten\u00e7\u00e3o! Cont\u00e9m brinquedo certificado no \u00e2mbito do Sistema Brasileiro de Avalia\u00e7\u00e3o da Conformidade&#8221;;<\/p>\n<p>&#8211; Os r\u00f3tulos devem trazer, al\u00e9m da identifica\u00e7\u00e3o do fabricante, a data de validade, peso e a composi\u00e7\u00e3o, j\u00e1 que determinadas doen\u00e7as impedem aos seus portadores a ingest\u00e3o de a\u00e7\u00facar ou gl\u00faten, por exemplo.<\/p>\n<p>Do Portal do Governo do Estado SP<\/p>\n","protected":false},"excerpt":{"rendered":"<p>A P\u00e1scoa est\u00e1 chegando e com ela as ofertas de ovos de chocolate de diversas cores, recheios e tamanhos que invadem o com\u00e9rcio. Por isso, antes de comprar \u00e9 importante pesquisar bem e pensar primeiro no seu bolso e, dependendo do valor, ter em mente que oval, redondo ou em barra, chocolate sempre ser\u00e1 chocolate. [&hellip;]<\/p>\n","protected":false},"author":2,"featured_media":167636,"comment_status":"open","ping_status":"closed","sticky":false,"template":"","format":"standard","meta":{"tdm_status":"","tdm_grid_status":"","footnotes":""},"categories":[22,388],"tags":[],"class_list":{"0":"post-81994","1":"post","2":"type-post","3":"status-publish","4":"format-standard","5":"has-post-thumbnail","7":"category-brasil","8":"category-destaques"},"_links":{"self":[{"href":"https:\/\/migracao.redenoticia.com.br\/noticia\/wp-json\/wp\/v2\/posts\/81994","targetHints":{"allow":["GET"]}}],"collection":[{"href":"https:\/\/migracao.redenoticia.com.br\/noticia\/wp-json\/wp\/v2\/posts"}],"about":[{"href":"https:\/\/migracao.redenoticia.com.br\/noticia\/wp-json\/wp\/v2\/types\/post"}],"author":[{"embeddable":true,"href":"https:\/\/migracao.redenoticia.com.br\/noticia\/wp-json\/wp\/v2\/users\/2"}],"replies":[{"embeddable":true,"href":"https:\/\/migracao.redenoticia.com.br\/noticia\/wp-json\/wp\/v2\/comments?post=81994"}],"version-history":[{"count":0,"href":"https:\/\/migracao.redenoticia.com.br\/noticia\/wp-json\/wp\/v2\/posts\/81994\/revisions"}],"wp:featuredmedia":[{"embeddable":true,"href":"https:\/\/migracao.redenoticia.com.br\/noticia\/wp-json\/wp\/v2\/media\/167636"}],"wp:attachment":[{"href":"https:\/\/migracao.redenoticia.com.br\/noticia\/wp-json\/wp\/v2\/media?parent=81994"}],"wp:term":[{"taxonomy":"category","embeddable":true,"href":"https:\/\/migracao.redenoticia.com.br\/noticia\/wp-json\/wp\/v2\/categories?post=81994"},{"taxonomy":"post_tag","embeddable":true,"href":"https:\/\/migracao.redenoticia.com.br\/noticia\/wp-json\/wp\/v2\/tags?post=81994"}],"curies":[{"name":"wp","href":"https:\/\/api.w.org\/{rel}","templated":true}]}}