{"id":81998,"date":"2016-03-08T10:35:32","date_gmt":"2016-03-08T13:35:32","guid":{"rendered":"http:\/\/www.redenoticia.com.br\/noticia\/?p=81998"},"modified":"2016-03-07T23:56:30","modified_gmt":"2016-03-08T02:56:30","slug":"consumo-de-energia-cresce-59-de-janeiro-para-fevereiro-diz-ons","status":"publish","type":"post","link":"https:\/\/migracao.redenoticia.com.br\/noticia\/2016\/consumo-de-energia-cresce-59-de-janeiro-para-fevereiro-diz-ons\/81998","title":{"rendered":"Consumo de energia cresce 5,9% de janeiro para fevereiro, diz ONS"},"content":{"rendered":"<p> Depois de um comportamento negativo nos \u00faltimos meses, o <strong><em>consumo de energia el\u00e9trica<\/em><\/strong> demandado ao Sistema Interligado Nacional (SIN) cresceu 5,9%, de janeiro para fevereiro deste ano. Em compara\u00e7\u00e3o a fevereiro do ano passado, o aumento chegou a 2%. Apesar do crescimento destes primeiros dois meses do ano, o consumo acumulado dos \u00faltimos doze meses ainda \u00e9 negativo em 2,1%, em rela\u00e7\u00e3o ao per\u00edodo entre janeiro de 2015 e fevereiro de 2016.<\/p>\n<p>Os dados integram o Boletim de Carga Mensal de fevereiro do Operador Nacional do Sistema El\u00e9trico (ONS). Eles indicam que, em fevereiro, foram demandados ao Sistema 69.510 megawatts\/m\u00e9dios (Mwm\u00e9dio) em fevereiro.<\/p>\n<p>O aumento de 5,9% na procura por energia de janeiro para fevereiro foi atribu\u00eddo pelo ONS a temperaturas relativamente elevadas nos subsistemas Sudeste\/Centro-Oeste e Sul e ao maior n\u00famero de dias \u00fateis, na compara\u00e7\u00e3o com o mesmo m\u00eas do ano anterior, que contribu\u00edram para a eleva\u00e7\u00e3o do consumo, mesmo com os indicadores da economia divulgados pelo mercado mostrando, ao longo dos \u00faltimos meses, \u201co baixo desempenho da atividade econ\u00f4mica, diante da demanda interna fraca causada principalmente pelo endividamento das fam\u00edlias, da presen\u00e7a de taxas de juros e de desemprego elevadas, fatores que v\u00eam impactando negativamente o comportamento da carga\u201d.<\/p>\n<p>Reflexos<\/p>\n<p>Na avalia\u00e7\u00e3o do Operador Nacional do Sistema, a eleva\u00e7\u00e3o das tarifas de energia el\u00e9trica vem se refletindo nos padr\u00f5es de consumo de energia, contribuindo para a redu\u00e7\u00e3o da carga, principalmente nos subsistemas Sudeste\/Centro-Oeste e Sul.<\/p>\n<p>O ONS ressaltou que a carga de fevereiro de 2015 ainda n\u00e3o estava sob o impacto da Revis\u00e3o Tarif\u00e1ria Extraordin\u00e1ria \u2013 RTE -, que come\u00e7ou a ser sentida pelos consumidores a partir de abril \u00faltimo. Em consequ\u00eancia, a mesma carga do subsistema Nordeste que, ao longo de 2015, se mostrava menos sens\u00edvel aos efeitos da conjuntura econ\u00f4mica adversa, j\u00e1 apresenta varia\u00e7\u00f5es negativas nos primeiros dois meses de 2016.<\/p>\n<p>Segundo o ONS, a varia\u00e7\u00e3o positiva de 1% na carga ajustada do SIN em fevereiro \u00faltimo, quando comparada a fevereiro de 2015, ratifica os resultados e mostra que os fatores fortuitos, n\u00e3o econ\u00f4micos, contribu\u00edram positivamente com 1% para a taxa de crescimento de consumo: 5,9%. Para o subsistema Sudeste\/Centro-Oeste, os valores de carga de energia de fevereiro \u00faltimo apresentam acr\u00e9scimo de 2,8% em rela\u00e7\u00e3o a fevereiro de 2015.<\/p>\n<p>N\u00famero negativo<\/p>\n<p>Com rela\u00e7\u00e3o a janeiro de 2016, h\u00e1 uma varia\u00e7\u00e3o positiva de 7,7%. Mas o resultado acumulado nos \u00faltimos 12 meses mostra o subsistema Sudeste\/Centro-Oeste ainda com varia\u00e7\u00e3o negativa de 3,5%, em rela\u00e7\u00e3o ao mesmo per\u00edodo anterior.<\/p>\n<p>Para o Subsistema Sul, os valores de carga de energia de fevereiro \u00faltimo indicam varia\u00e7\u00e3o positiva de 1,1% em rela\u00e7\u00e3o a fevereiro do ano passado. Com rela\u00e7\u00e3o a janeiro de 2016, houve acr\u00e9scimo de 4,3%, enquanto no acumulado dos \u00faltimos 12 meses, o Sul apresentou uma varia\u00e7\u00e3o negativa de 3,5% em rela\u00e7\u00e3o ao mesmo per\u00edodo anterior.<\/p>\n<p>A varia\u00e7\u00e3o positiva apresentada pelo subsistema Sul \u00e9 explicada, em parte, tamb\u00e9m pela ocorr\u00eancia de temperaturas relativamente elevadas, superiores \u00e0s ocorridas neste mesmo m\u00eas do ano anterior e pelo maior n\u00famero de dias \u00fateis.<\/p>\n<p>Subsistema Nordeste<\/p>\n<p>J\u00e1 para o subsistema Nordeste, os valores de carga de energia de fevereiro de 2016 indicam decr\u00e9scimo de 1,4% em rela\u00e7\u00e3o aos valores do mesmo m\u00eas do ano anterior, mas com rela\u00e7\u00e3o a janeiro deste ano h\u00e1 uma varia\u00e7\u00e3o positiva de 3,2%. No acumulado dos \u00faltimos 12 meses o Nordeste teve crescimento de 1,8% em rela\u00e7\u00e3o ao mesmo per\u00edodo anterior. No subsistema Norte, o valor de carga de energia de fevereiro indica varia\u00e7\u00e3o positiva de 4,3% em rela\u00e7\u00e3o a fevereiro do ano passado.<\/p>\n<p>Nielmar de Oliveira &#8211; Rep\u00f3rter da Ag\u00eancia Brasil<br \/>\nEdi\u00e7\u00e3o: Kleber Sampaio<br \/>\n08\/03\/2016<\/p>\n","protected":false},"excerpt":{"rendered":"<p>Depois de um comportamento negativo nos \u00faltimos meses, o consumo de energia el\u00e9trica demandado ao Sistema Interligado Nacional (SIN) cresceu 5,9%, de janeiro para fevereiro deste ano. Em compara\u00e7\u00e3o a fevereiro do ano passado, o aumento chegou a 2%. Apesar do crescimento destes primeiros dois meses do ano, o consumo acumulado dos \u00faltimos doze meses [&hellip;]<\/p>\n","protected":false},"author":2,"featured_media":57582,"comment_status":"open","ping_status":"closed","sticky":false,"template":"","format":"standard","meta":{"tdm_status":"","tdm_grid_status":"","footnotes":""},"categories":[22,7],"tags":[],"class_list":{"0":"post-81998","1":"post","2":"type-post","3":"status-publish","4":"format-standard","5":"has-post-thumbnail","7":"category-brasil","8":"category-economia"},"_links":{"self":[{"href":"https:\/\/migracao.redenoticia.com.br\/noticia\/wp-json\/wp\/v2\/posts\/81998","targetHints":{"allow":["GET"]}}],"collection":[{"href":"https:\/\/migracao.redenoticia.com.br\/noticia\/wp-json\/wp\/v2\/posts"}],"about":[{"href":"https:\/\/migracao.redenoticia.com.br\/noticia\/wp-json\/wp\/v2\/types\/post"}],"author":[{"embeddable":true,"href":"https:\/\/migracao.redenoticia.com.br\/noticia\/wp-json\/wp\/v2\/users\/2"}],"replies":[{"embeddable":true,"href":"https:\/\/migracao.redenoticia.com.br\/noticia\/wp-json\/wp\/v2\/comments?post=81998"}],"version-history":[{"count":0,"href":"https:\/\/migracao.redenoticia.com.br\/noticia\/wp-json\/wp\/v2\/posts\/81998\/revisions"}],"wp:featuredmedia":[{"embeddable":true,"href":"https:\/\/migracao.redenoticia.com.br\/noticia\/wp-json\/wp\/v2\/media\/57582"}],"wp:attachment":[{"href":"https:\/\/migracao.redenoticia.com.br\/noticia\/wp-json\/wp\/v2\/media?parent=81998"}],"wp:term":[{"taxonomy":"category","embeddable":true,"href":"https:\/\/migracao.redenoticia.com.br\/noticia\/wp-json\/wp\/v2\/categories?post=81998"},{"taxonomy":"post_tag","embeddable":true,"href":"https:\/\/migracao.redenoticia.com.br\/noticia\/wp-json\/wp\/v2\/tags?post=81998"}],"curies":[{"name":"wp","href":"https:\/\/api.w.org\/{rel}","templated":true}]}}