{"id":82,"date":"2009-04-03T01:06:00","date_gmt":"2009-04-03T04:06:00","guid":{"rendered":"http:\/\/www.redenoticia.com.br\/noticia\/?p=82"},"modified":"2009-04-10T00:50:00","modified_gmt":"2009-04-10T03:50:00","slug":"cna-defende-a-modernizacao-da-agropecuaria","status":"publish","type":"post","link":"https:\/\/migracao.redenoticia.com.br\/noticia\/2009\/cna-defende-a-modernizacao-da-agropecuaria\/82","title":{"rendered":"CNA defende a moderniza\u00e7\u00e3o da agropecu\u00e1ria"},"content":{"rendered":"<p><img loading=\"lazy\" decoding=\"async\" class=\"alignleft\" src=\"http:\/\/farm4.static.flickr.com\/3386\/3408773238_c35382a321.jpg\" alt=\"\" width=\"432\" height=\"293\" \/>Reestrutura\u00e7\u00e3o da pol\u00edtica de cr\u00e9dito rural, transforma\u00e7\u00e3o das propriedades em empresas, implanta\u00e7\u00e3o de um novo sistema de defesa agropecu\u00e1ria, efici\u00eancia administrativa das propriedades e identifica\u00e7\u00e3o dos principais problemas vividos no campo. Estas medidas foram defendidas hoje (2\/4), em Uberl\u00e2ndia, pela presidente da Confedera\u00e7\u00e3o da Agricultura e Pecu\u00e1ria do Brasil (CNA) e do Conselho Deliberativo do Servi\u00e7o Nacional de Aprendizagem Rural (SENAR), senadora K\u00e1tia Abreu, em entrevista coletiva, durante o lan\u00e7amento do programa CNA em Campo.<br \/>\nO projeto visa aproximar o Sistema CNA\/SENAR da sociedade por meio da discuss\u00e3o dos principais problemas do setor e buscar alternativas para refor\u00e7ar o crescimento da atividade rural. &#8220;Precisamos modernizar nossa atividade, pois outros pa\u00edses tamb\u00e9m t\u00eam esses mecanismos que facilitam a vida do produtor&#8221;, justificou.<\/p>\n<p>Segundo K\u00e1tia Abreu, a reforma do sistema de cr\u00e9dito \u00e9 uma das principais medidas a serem tomadas para que o produtor obtenha mais acesso a financiamentos e mantenha a atividade. Ela argumentou que a dificuldades de cr\u00e9ditos est\u00e3o atribu\u00eddas principalmente \u00e0 eleva\u00e7\u00e3o do risco de inadimpl\u00eancia do produtor pelos bancos, diante de crises internas vividas pelo setor em safras passadas, que se tornaram empecilho para o acesso a novos cr\u00e9ditos.<\/p>\n<p>&#8220;A sa\u00edda tem sido buscar recursos nas tradings, mas as tradings reduziram seus financiamentos em raz\u00e3o da crise internacional e a preocupa\u00e7\u00e3o \u00e9 saber quem vai financiar a safra&#8221;, afirmou. &#8220;Por isso a reforma do modelo de cr\u00e9dito \u00e9 fundamental, pois a agricultura \u00e9 um carro que tem de trocar o pneu andando, n\u00e3o pode parar&#8221;, justificou. Ela acrescentou que um grupo de trabalho formado por t\u00e9cnicos da CNA, Banco do Brasil, Minist\u00e9rios da Fazenda e Agricultura est\u00e1 discutindo a proposta de reformula\u00e7\u00e3o do atual modelo de cr\u00e9dito.<\/p>\n<p>Mudan\u00e7as<\/p>\n<p>Defensora a formaliza\u00e7\u00e3o da atividade rural, K\u00e1tia Abreu avaliou que uma das condi\u00e7\u00f5es para o produtor ter mais acesso aos recursos para bancar a lavoura seria a transforma\u00e7\u00e3o das propriedades em empresas, proposta que tamb\u00e9m est\u00e1 sendo discutida com o governo federal para dar mais transpar\u00eancia ao produtor.<\/p>\n<p>&#8220;A id\u00e9ia \u00e9 criar uma central de financiamento para que todos os agentes tenham as mesmas informa\u00e7\u00f5es sobre o produtor que faz financiamento, tanto dos bancos como de outras fontes&#8221;, disse. Em rela\u00e7\u00e3o a um sistema novo de defesa agropecu\u00e1ria, a presidente da CNA informou que est\u00e1 em andamento um estudo que prop\u00f5e um projeto piloto com dez culturas.<\/p>\n<p>&#8220;Temos de melhorar este sistema tamb\u00e9m, pois a classe tem explica\u00e7\u00f5es a dar aos compradores dos nossos produtos e com essa atitude satisfazer aos nossos principais clientes, que s\u00e3o os pr\u00f3prios brasileiros&#8221;, salientou.<\/p>\n<p>Outro ponto abordado por K\u00e1tia Abreu foi a necessidade de se aperfei\u00e7oar a gest\u00e3o nas propriedades para aumentar a competitividade do setor. &#8220;Queremos que o produtor tenha nos livros cont\u00e1beis a mesma efici\u00eancia que ele emprega na produ\u00e7\u00e3o&#8221;, destacou, completando que o SENAR ficar\u00e1 respons\u00e1vel por projetos voltados para esta finalidade. Uma das iniciativas, dentro da proposta ser\u00e1 o Programa Empreendedor Rural, que foi pioneiro no Paran\u00e1 e ser\u00e1 estendido a outros estados. K\u00e1tia Abreu tamb\u00e9m falou sobe a cria\u00e7\u00e3o do Observat\u00f3rio das Desprote\u00e7\u00f5es Sociais, outro projeto priorit\u00e1rio do Sistema CNA\/SENAR que serve para identificar as principais defici\u00eancias no campo.<\/p>\n<p>Departamento de Comunica\u00e7\u00e3o da CNA<\/p>\n","protected":false},"excerpt":{"rendered":"<p>Reestrutura\u00e7\u00e3o da pol\u00edtica de cr\u00e9dito rural, transforma\u00e7\u00e3o das propriedades em empresas, implanta\u00e7\u00e3o de um novo sistema de defesa agropecu\u00e1ria, efici\u00eancia administrativa das propriedades e identifica\u00e7\u00e3o dos principais problemas vividos no campo. Estas medidas foram defendidas hoje (2\/4), em Uberl\u00e2ndia, pela presidente da Confedera\u00e7\u00e3o da Agricultura e Pecu\u00e1ria do Brasil (CNA) e do Conselho Deliberativo do [&hellip;]<\/p>\n","protected":false},"author":2,"featured_media":0,"comment_status":"open","ping_status":"open","sticky":false,"template":"","format":"standard","meta":{"tdm_status":"","tdm_grid_status":"","footnotes":""},"categories":[7],"tags":[],"class_list":{"0":"post-82","1":"post","2":"type-post","3":"status-publish","4":"format-standard","6":"category-economia"},"_links":{"self":[{"href":"https:\/\/migracao.redenoticia.com.br\/noticia\/wp-json\/wp\/v2\/posts\/82","targetHints":{"allow":["GET"]}}],"collection":[{"href":"https:\/\/migracao.redenoticia.com.br\/noticia\/wp-json\/wp\/v2\/posts"}],"about":[{"href":"https:\/\/migracao.redenoticia.com.br\/noticia\/wp-json\/wp\/v2\/types\/post"}],"author":[{"embeddable":true,"href":"https:\/\/migracao.redenoticia.com.br\/noticia\/wp-json\/wp\/v2\/users\/2"}],"replies":[{"embeddable":true,"href":"https:\/\/migracao.redenoticia.com.br\/noticia\/wp-json\/wp\/v2\/comments?post=82"}],"version-history":[{"count":0,"href":"https:\/\/migracao.redenoticia.com.br\/noticia\/wp-json\/wp\/v2\/posts\/82\/revisions"}],"wp:attachment":[{"href":"https:\/\/migracao.redenoticia.com.br\/noticia\/wp-json\/wp\/v2\/media?parent=82"}],"wp:term":[{"taxonomy":"category","embeddable":true,"href":"https:\/\/migracao.redenoticia.com.br\/noticia\/wp-json\/wp\/v2\/categories?post=82"},{"taxonomy":"post_tag","embeddable":true,"href":"https:\/\/migracao.redenoticia.com.br\/noticia\/wp-json\/wp\/v2\/tags?post=82"}],"curies":[{"name":"wp","href":"https:\/\/api.w.org\/{rel}","templated":true}]}}