{"id":82000,"date":"2016-03-08T10:36:33","date_gmt":"2016-03-08T13:36:33","guid":{"rendered":"http:\/\/www.redenoticia.com.br\/noticia\/?p=82000"},"modified":"2016-03-07T23:59:47","modified_gmt":"2016-03-08T02:59:47","slug":"governo-vendera-57-imoveis-em-brasilia","status":"publish","type":"post","link":"https:\/\/migracao.redenoticia.com.br\/noticia\/2016\/governo-vendera-57-imoveis-em-brasilia\/82000","title":{"rendered":"Governo vender\u00e1 57 im\u00f3veis em Bras\u00edlia"},"content":{"rendered":"<p> A Caixa Econ\u00f4mica Federal publicou edital de concorr\u00eancia p\u00fablica para a <strong><em>venda de 57 im\u00f3veis da Uni\u00e3o<\/em><\/strong>. Est\u00e3o sendo ofertados 24 apartamentos funcionais, duas casas e 31 terrenos, localizados no Distrito Federal, que valem R$ 152,4 milh\u00f5es.<\/p>\n<p>O edital est\u00e1 dispon\u00edvel no site do banco e cont\u00e9m prazos e regras para a apresenta\u00e7\u00e3o de propostas, bem como pre\u00e7o m\u00ednimo de venda para cada im\u00f3vel. A licita\u00e7\u00e3o de im\u00f3veis da Uni\u00e3o tem como meta reduzir despesas e tamb\u00e9m arrecadar mais.<\/p>\n<p>De acordo com a Caixa, o interessado deve formalizar a oferta mediante preenchimento da Proposta de Compra de Im\u00f3vel, dispon\u00edvel no anexo do edital de concorr\u00eancia p\u00fablica, e entregar a proposta no endere\u00e7o indicado no Aviso de Venda do edital, at\u00e9 6 de maio. Al\u00e9m disso, \u00e9 preciso efetuar o recolhimento de dep\u00f3sito em conta vinculada, a t\u00edtulo de cau\u00e7\u00e3o, no valor correspondente a 5% do valor do im\u00f3vel pretendido, limitado a R$ 10 mil.<\/p>\n<p>Normas<\/p>\n<p>A Caixa informou, tamb\u00e9m, que qualquer pessoa, f\u00edsica ou jur\u00eddica, pode participar da concorr\u00eancia, desde que atenda \u00e0s condi\u00e7\u00f5es do edital. O interessado que fizer a melhor oferta, respeitando o pre\u00e7o m\u00ednimo de venda, \u00e9 considerado o vencedor. A compra do im\u00f3vel poder\u00e1 ser realizada \u00e0 vista, com utiliza\u00e7\u00e3o do Fundo de Garantia do Tempo de Servi\u00e7o (FGTS), por financiamento ou por meio de contrata\u00e7\u00e3o de empr\u00e9stimos em qualquer institui\u00e7\u00e3o financeira.<\/p>\n<p>A divulga\u00e7\u00e3o do resultado acontecer\u00e1 no dia 17 de maio. O prazo para recurso vai at\u00e9 24 de maio e a homologa\u00e7\u00e3o do resultado da concorr\u00eancia, no dia 25 do mesmo m\u00eas. O lan\u00e7amento de outros editais ofertando mais 182 im\u00f3veis, em 21 estados, totalizando, assim, os 239 im\u00f3veis que o Minist\u00e9rio da Planejamento, Or\u00e7amento e Gest\u00e3o est\u00e1 pondo \u00e0 venda tem previs\u00e3o de divulga\u00e7\u00e3o at\u00e9 o final de abril.<\/p>\n<p>Da Ag\u00eancia Brasil<br \/>\nEdi\u00e7\u00e3o: Kleber Sampaio<br \/>\n08\/03\/2016<\/p>\n","protected":false},"excerpt":{"rendered":"<p>A Caixa Econ\u00f4mica Federal publicou edital de concorr\u00eancia p\u00fablica para a venda de 57 im\u00f3veis da Uni\u00e3o. Est\u00e3o sendo ofertados 24 apartamentos funcionais, duas casas e 31 terrenos, localizados no Distrito Federal, que valem R$ 152,4 milh\u00f5es. O edital est\u00e1 dispon\u00edvel no site do banco e cont\u00e9m prazos e regras para a apresenta\u00e7\u00e3o de propostas, [&hellip;]<\/p>\n","protected":false},"author":2,"featured_media":34928,"comment_status":"open","ping_status":"closed","sticky":false,"template":"","format":"standard","meta":{"tdm_status":"","tdm_grid_status":"","footnotes":""},"categories":[22,7],"tags":[],"class_list":{"0":"post-82000","1":"post","2":"type-post","3":"status-publish","4":"format-standard","5":"has-post-thumbnail","7":"category-brasil","8":"category-economia"},"_links":{"self":[{"href":"https:\/\/migracao.redenoticia.com.br\/noticia\/wp-json\/wp\/v2\/posts\/82000","targetHints":{"allow":["GET"]}}],"collection":[{"href":"https:\/\/migracao.redenoticia.com.br\/noticia\/wp-json\/wp\/v2\/posts"}],"about":[{"href":"https:\/\/migracao.redenoticia.com.br\/noticia\/wp-json\/wp\/v2\/types\/post"}],"author":[{"embeddable":true,"href":"https:\/\/migracao.redenoticia.com.br\/noticia\/wp-json\/wp\/v2\/users\/2"}],"replies":[{"embeddable":true,"href":"https:\/\/migracao.redenoticia.com.br\/noticia\/wp-json\/wp\/v2\/comments?post=82000"}],"version-history":[{"count":0,"href":"https:\/\/migracao.redenoticia.com.br\/noticia\/wp-json\/wp\/v2\/posts\/82000\/revisions"}],"wp:featuredmedia":[{"embeddable":true,"href":"https:\/\/migracao.redenoticia.com.br\/noticia\/wp-json\/wp\/v2\/media\/34928"}],"wp:attachment":[{"href":"https:\/\/migracao.redenoticia.com.br\/noticia\/wp-json\/wp\/v2\/media?parent=82000"}],"wp:term":[{"taxonomy":"category","embeddable":true,"href":"https:\/\/migracao.redenoticia.com.br\/noticia\/wp-json\/wp\/v2\/categories?post=82000"},{"taxonomy":"post_tag","embeddable":true,"href":"https:\/\/migracao.redenoticia.com.br\/noticia\/wp-json\/wp\/v2\/tags?post=82000"}],"curies":[{"name":"wp","href":"https:\/\/api.w.org\/{rel}","templated":true}]}}