{"id":82004,"date":"2016-03-08T10:38:27","date_gmt":"2016-03-08T13:38:27","guid":{"rendered":"http:\/\/www.redenoticia.com.br\/noticia\/?p=82004"},"modified":"2016-03-07T23:59:22","modified_gmt":"2016-03-08T02:59:22","slug":"pedidos-de-recuperacao-judicial-crescem-1164-em-dois-meses","status":"publish","type":"post","link":"https:\/\/migracao.redenoticia.com.br\/noticia\/2016\/pedidos-de-recuperacao-judicial-crescem-1164-em-dois-meses\/82004","title":{"rendered":"Pedidos de recupera\u00e7\u00e3o judicial crescem 116,4% em dois meses"},"content":{"rendered":"<p> O n\u00famero de <strong><em>recupera\u00e7\u00f5es judiciais<\/em><\/strong> requeridas em todo o pa\u00eds no primeiro bimestre de 2016 foi 116,4% maior que o registrado no mesmo per\u00edodo de 2015, de acordo com o Indicador Serasa Experian de Fal\u00eancias e Recupera\u00e7\u00f5es. Foram 251 ocorr\u00eancias contra 116 apuradas entre janeiro e fevereiro de 2015. O resultado \u00e9 o maior para o acumulado do primeiro bimestre desde 2006, ap\u00f3s a entrada em vigor da Nova Lei de Fal\u00eancias, em junho de 2005.<\/p>\n<p>Segundo os dados, as micro e pequenas empresas lideraram os requerimentos de recupera\u00e7\u00e3o judicial de janeiro a fevereiro de 2016, com 150 pedidos, seguidas pelas m\u00e9dias empresas (58) e pelas grandes empresas (43).<\/p>\n<p>Eleva\u00e7\u00e3o<\/p>\n<p>O indicador mostrou, ainda, aumento de 61,5% nos requerimentos em fevereiro ante janeiro. Em janeiro, foram 96 requerimentos e em fevereiro, 155. Na compara\u00e7\u00e3o de fevereiro de 2016 com fevereiro de 2015, quando houve 42 requerimentos, a alta \u00e9 de 269%. No m\u00eas de fevereiro, as micro e pequenas empresas foram as que mais fizeram requerimentos, chegando a 99. Logo depois, vieram as m\u00e9dias empresas, com 35 e as grandes com 21.<\/p>\n<p>De acordo com os economistas da Serasa Experian, o prolongamento e a amplia\u00e7\u00e3o do atual quadro recessivo da economia brasileira &#8211; aliada \u00e0 eleva\u00e7\u00e3o dos custos operacionais e financeiros &#8211; t\u00eam levado a recordes mensais consecutivos dos requerimentos de recupera\u00e7\u00f5es judiciais.<\/p>\n<p>Os dois primeiros meses do ano tamb\u00e9m registraram aumento de pedido de fal\u00eancia: 15,3% a mais do que no mesmo per\u00edodo de 2015, ao passar de 202 para 233 pedidos. Do total, 123 foram de micro e pequenas empresas ante 110 em igual per\u00edodo de 2015. As m\u00e9dias empresas somaram 57 pedidos este ano, enquanto nos dois primeiros meses do ano passado, 45. As grandes empresas que pediram fal\u00eancia foram 53 (em 2015, 45).<\/p>\n<p>O indicador mostrou, tamb\u00e9m, que em fevereiro deste ano foram requeridas 132 fal\u00eancias, aumento de 30,7% em rela\u00e7\u00e3o ao m\u00eas anterior, quando houve 102 solicita\u00e7\u00f5es. J\u00e1 em rela\u00e7\u00e3o a fevereiro de 2015, quando houve 89 fal\u00eancias requeridas, a alta foi de 48,3%. As micro e pequenas empresas aparecem como respons\u00e1veis pelo maior n\u00famero de pedidos de fal\u00eancia em fevereiro deste ano: 67. Em seguida, as m\u00e9dias, com 32, e grandes, com 33.<\/p>\n<p>Fl\u00e1via Albuquerque \u2013 Rep\u00f3rter da Ag\u00eancia Brasil<br \/>\nEdi\u00e7\u00e3o: Kleber Sampaio<br \/>\n08\/03\/2016<\/p>\n","protected":false},"excerpt":{"rendered":"<p>O n\u00famero de recupera\u00e7\u00f5es judiciais requeridas em todo o pa\u00eds no primeiro bimestre de 2016 foi 116,4% maior que o registrado no mesmo per\u00edodo de 2015, de acordo com o Indicador Serasa Experian de Fal\u00eancias e Recupera\u00e7\u00f5es. Foram 251 ocorr\u00eancias contra 116 apuradas entre janeiro e fevereiro de 2015. O resultado \u00e9 o maior para [&hellip;]<\/p>\n","protected":false},"author":2,"featured_media":38938,"comment_status":"open","ping_status":"closed","sticky":false,"template":"","format":"standard","meta":{"tdm_status":"","tdm_grid_status":"","footnotes":""},"categories":[22,7],"tags":[],"class_list":{"0":"post-82004","1":"post","2":"type-post","3":"status-publish","4":"format-standard","5":"has-post-thumbnail","7":"category-brasil","8":"category-economia"},"_links":{"self":[{"href":"https:\/\/migracao.redenoticia.com.br\/noticia\/wp-json\/wp\/v2\/posts\/82004","targetHints":{"allow":["GET"]}}],"collection":[{"href":"https:\/\/migracao.redenoticia.com.br\/noticia\/wp-json\/wp\/v2\/posts"}],"about":[{"href":"https:\/\/migracao.redenoticia.com.br\/noticia\/wp-json\/wp\/v2\/types\/post"}],"author":[{"embeddable":true,"href":"https:\/\/migracao.redenoticia.com.br\/noticia\/wp-json\/wp\/v2\/users\/2"}],"replies":[{"embeddable":true,"href":"https:\/\/migracao.redenoticia.com.br\/noticia\/wp-json\/wp\/v2\/comments?post=82004"}],"version-history":[{"count":0,"href":"https:\/\/migracao.redenoticia.com.br\/noticia\/wp-json\/wp\/v2\/posts\/82004\/revisions"}],"wp:featuredmedia":[{"embeddable":true,"href":"https:\/\/migracao.redenoticia.com.br\/noticia\/wp-json\/wp\/v2\/media\/38938"}],"wp:attachment":[{"href":"https:\/\/migracao.redenoticia.com.br\/noticia\/wp-json\/wp\/v2\/media?parent=82004"}],"wp:term":[{"taxonomy":"category","embeddable":true,"href":"https:\/\/migracao.redenoticia.com.br\/noticia\/wp-json\/wp\/v2\/categories?post=82004"},{"taxonomy":"post_tag","embeddable":true,"href":"https:\/\/migracao.redenoticia.com.br\/noticia\/wp-json\/wp\/v2\/tags?post=82004"}],"curies":[{"name":"wp","href":"https:\/\/api.w.org\/{rel}","templated":true}]}}