{"id":82019,"date":"2016-03-09T19:23:25","date_gmt":"2016-03-09T22:23:25","guid":{"rendered":"http:\/\/www.redenoticia.com.br\/noticia\/?p=82019"},"modified":"2016-03-09T23:50:25","modified_gmt":"2016-03-10T02:50:25","slug":"novela-chamas-da-vida-resumo-1103-pedro-sai-a-caca-de-lipe","status":"publish","type":"post","link":"https:\/\/migracao.redenoticia.com.br\/noticia\/2016\/novela-chamas-da-vida-resumo-1103-pedro-sai-a-caca-de-lipe\/82019","title":{"rendered":"Novela \u201cChamas da Vida\u201d resumo 11\/03: Pedro sai a ca\u00e7a de Lipe"},"content":{"rendered":"<p><img loading=\"lazy\" decoding=\"async\" src=\"https:\/\/migracao.redenoticia.com.br\/noticia\/imagens\/chamas_da_vida_resumo_novela-150x112.jpeg\" alt=\"chamas_da_vida_resumo_novela\" width=\"150\" height=\"112\" class=\"alignleft size-thumbnail wp-image-82020\" \/><strong><em>Novela \u201cChamas da Vida\u201d resumo 11\/03<\/em><\/strong>: Miguel evita o ataque de Lipi a Vivi, mas o vil\u00e3o foge na mata da reserva. No capitulo 096, sexta-feira, 11 de mar\u00e7o, est\u00e1 prevista uma cena (*) onde Pedro descobre que Lipi \u00e9 um bandido e tentou atacar Vivi durante um passeio na reserva, mas Miguel a salvou e Lipi fugiu. Pedro fica revoltado e resolve procurar Lipi. Junior tenta conter o amigo e o alerta que ele pode encontrar Lipi, passar do limite e estragar a sua vida. Pedro ignora o conselho e vai para a reserva. Junior avisa Caz\u00e9 que Pedro pode matar Lipi, e o bombeiro responde que vai encontrar Lipe, custe o que custar.<\/p>\n<p>No capitulo 096, novela \u201cChamas da Vida\u201d, sexta-feira, 11 de mar\u00e7o &#8211; Junior diz a Pedro que \u00e9 melhor prender Lipe, que assim Pedro vai estragar a vida dele. Pedro diz a Junior para avisar Caz\u00e9 e Guilherme. Guga chora de desespero. Tom\u00e1s e Ivonete encontram-se. Ivonete vai beijar Tom\u00e1s mas ele desvia-se. Tom\u00e1s diz que a gravidez de Ivonete acabou com ele. <\/p>\n<p>Vilma liga para um detective particular e diz que precisa que ele investigue tudo sobre Pedro. Vilma diz que vai descobrir alguma coisa errada na vida de Pedro e ele vai ficar na m\u00e3o dela. Junior chega \u00e0 pens\u00e3o e conta a Caz\u00e9 e a Guilherme que Miguel encontrou Lipe a tentar violar Vivi. Caz\u00e9 revolta-se. Junior diz a Caz\u00e9 que Pedro foi para a reserva tentar ca\u00e7ar Lipe. <\/p>\n<p>Caz\u00e9 diz que vai encontrar Lipe, custe o que custar. Lipe diz que ningu\u00e9m o vai encontrar. Andr\u00e9 diz que vai com Caz\u00e9. Carla diz que \u00e9 muito perigoso. Lourdes conta \u00e0s pessoas da pens\u00e3o que Lipe deve estar envolvido no sequestro de Demoro. Suelen diz que vai ligar para Andressa. Suelen conta a Roberto que Lipe tentou violar Vivi. Andressa diz que ele encontrou Demoro. Docinho diz que vai atr\u00e1s de Lipe.<\/p>\n<p>(*) edi\u00e7\u00e3o da Rede Record, Novela \u201cChamas da Vida\u201d, sujeito a altera\u00e7\u00e3o de data e conte\u00fado.<\/p>\n","protected":false},"excerpt":{"rendered":"<p>Novela \u201cChamas da Vida\u201d resumo 11\/03: Miguel evita o ataque de Lipi a Vivi, mas o vil\u00e3o foge na mata da reserva. No capitulo 096, sexta-feira, 11 de mar\u00e7o, est\u00e1 prevista uma cena (*) onde Pedro descobre que Lipi \u00e9 um bandido e tentou atacar Vivi durante um passeio na reserva, mas Miguel a salvou [&hellip;]<\/p>\n","protected":false},"author":2,"featured_media":82020,"comment_status":"open","ping_status":"closed","sticky":false,"template":"","format":"standard","meta":{"tdm_status":"","tdm_grid_status":"","footnotes":""},"categories":[379,371,343],"tags":[],"class_list":{"0":"post-82019","1":"post","2":"type-post","3":"status-publish","4":"format-standard","5":"has-post-thumbnail","7":"category-novelas","8":"category-rede-record","9":"category-televisao"},"_links":{"self":[{"href":"https:\/\/migracao.redenoticia.com.br\/noticia\/wp-json\/wp\/v2\/posts\/82019","targetHints":{"allow":["GET"]}}],"collection":[{"href":"https:\/\/migracao.redenoticia.com.br\/noticia\/wp-json\/wp\/v2\/posts"}],"about":[{"href":"https:\/\/migracao.redenoticia.com.br\/noticia\/wp-json\/wp\/v2\/types\/post"}],"author":[{"embeddable":true,"href":"https:\/\/migracao.redenoticia.com.br\/noticia\/wp-json\/wp\/v2\/users\/2"}],"replies":[{"embeddable":true,"href":"https:\/\/migracao.redenoticia.com.br\/noticia\/wp-json\/wp\/v2\/comments?post=82019"}],"version-history":[{"count":0,"href":"https:\/\/migracao.redenoticia.com.br\/noticia\/wp-json\/wp\/v2\/posts\/82019\/revisions"}],"wp:featuredmedia":[{"embeddable":true,"href":"https:\/\/migracao.redenoticia.com.br\/noticia\/wp-json\/wp\/v2\/media\/82020"}],"wp:attachment":[{"href":"https:\/\/migracao.redenoticia.com.br\/noticia\/wp-json\/wp\/v2\/media?parent=82019"}],"wp:term":[{"taxonomy":"category","embeddable":true,"href":"https:\/\/migracao.redenoticia.com.br\/noticia\/wp-json\/wp\/v2\/categories?post=82019"},{"taxonomy":"post_tag","embeddable":true,"href":"https:\/\/migracao.redenoticia.com.br\/noticia\/wp-json\/wp\/v2\/tags?post=82019"}],"curies":[{"name":"wp","href":"https:\/\/api.w.org\/{rel}","templated":true}]}}