{"id":8202,"date":"2009-08-10T21:46:45","date_gmt":"2009-08-11T01:46:45","guid":{"rendered":"http:\/\/www.redenoticia.com.br\/noticia\/?p=8202"},"modified":"2009-08-10T21:46:45","modified_gmt":"2009-08-11T01:46:45","slug":"karyn-bravo-no-sbt-brasil","status":"publish","type":"post","link":"https:\/\/migracao.redenoticia.com.br\/noticia\/2009\/karyn-bravo-no-sbt-brasil\/8202","title":{"rendered":"Karyn Bravo no SBT Brasil"},"content":{"rendered":"<p><a href=\"https:\/\/migracao.redenoticia.com.br\/noticia\/imagens\/\/sbt-brasil.jpg\"><img loading=\"lazy\" decoding=\"async\" class=\"alignleft size-full wp-image-8203\" title=\"sbt brasil\" src=\"https:\/\/migracao.redenoticia.com.br\/noticia\/imagens\/\/sbt-brasil.jpg\" alt=\"sbt brasil\" width=\"150\" height=\"113\" srcset=\"https:\/\/migracao.redenoticia.com.br\/noticia\/imagens\/sbt-brasil.jpg 150w, https:\/\/migracao.redenoticia.com.br\/noticia\/imagens\/sbt-brasil-148x112.jpg 148w\" sizes=\"auto, (max-width: 150px) 100vw, 150px\" \/><\/a>A partir desta segunda, 10 de agosto, o SBT Brasil ganha a presen\u00e7a da jornalista e apresentadora Karyn Bravo, que estar\u00e1 na bancada ao lado de Carlos Nascimento. Karyn est\u00e1 na emissora desde novembro do ano passado e continuar\u00e1 com a fun\u00e7\u00e3o de editora e apresentadora do Tempo no SBT.\u00a0<\/p>\n<p>Uma pesquisa qualitativa entre telespectadores aprovou o conte\u00fado do SBT Brasil e sugeriu uma apresentadora ao lado do \u00e2ncora Carlos Nascimento. Al\u00e9m disso, estreia em breve o novo cen\u00e1rio do jornal, mais moderno e interativo.<\/p>\n<p>Sobre Karyn Bravo &#8211; A jornalista Karyn Bravo come\u00e7ou como editora da revista Hera, atuou na CNN Internacional, foi editora e apresentadora do Tempo no telejornal Primeiro Jornal, na Band, apresentou o Not\u00edcias da Reda\u00e7\u00e3o e, eventualmente, tamb\u00e9m o Jornal da Band. Karyn foi contratada pelo SBT, em novembro de 2008, para ser a editora e apresentadora do Tempo nos telejornais.<\/p>\n<p>SBT Brasil, de segunda a s\u00e1bado, \u00e0s 21h15, no SBT.<\/p>\n<p>Fonte SBT<\/p>\n","protected":false},"excerpt":{"rendered":"<p>A partir desta segunda, 10 de agosto, o SBT Brasil ganha a presen\u00e7a da jornalista e apresentadora Karyn Bravo, que estar\u00e1 na bancada ao lado de Carlos Nascimento. Karyn est\u00e1 na emissora desde novembro do ano passado e continuar\u00e1 com a fun\u00e7\u00e3o de editora e apresentadora do Tempo no SBT.\u00a0 Uma pesquisa qualitativa entre telespectadores [&hellip;]<\/p>\n","protected":false},"author":3,"featured_media":0,"comment_status":"open","ping_status":"open","sticky":false,"template":"","format":"standard","meta":{"tdm_status":"","tdm_grid_status":"","footnotes":""},"categories":[22,343],"tags":[],"class_list":{"0":"post-8202","1":"post","2":"type-post","3":"status-publish","4":"format-standard","6":"category-brasil","7":"category-televisao"},"_links":{"self":[{"href":"https:\/\/migracao.redenoticia.com.br\/noticia\/wp-json\/wp\/v2\/posts\/8202","targetHints":{"allow":["GET"]}}],"collection":[{"href":"https:\/\/migracao.redenoticia.com.br\/noticia\/wp-json\/wp\/v2\/posts"}],"about":[{"href":"https:\/\/migracao.redenoticia.com.br\/noticia\/wp-json\/wp\/v2\/types\/post"}],"author":[{"embeddable":true,"href":"https:\/\/migracao.redenoticia.com.br\/noticia\/wp-json\/wp\/v2\/users\/3"}],"replies":[{"embeddable":true,"href":"https:\/\/migracao.redenoticia.com.br\/noticia\/wp-json\/wp\/v2\/comments?post=8202"}],"version-history":[{"count":0,"href":"https:\/\/migracao.redenoticia.com.br\/noticia\/wp-json\/wp\/v2\/posts\/8202\/revisions"}],"wp:attachment":[{"href":"https:\/\/migracao.redenoticia.com.br\/noticia\/wp-json\/wp\/v2\/media?parent=8202"}],"wp:term":[{"taxonomy":"category","embeddable":true,"href":"https:\/\/migracao.redenoticia.com.br\/noticia\/wp-json\/wp\/v2\/categories?post=8202"},{"taxonomy":"post_tag","embeddable":true,"href":"https:\/\/migracao.redenoticia.com.br\/noticia\/wp-json\/wp\/v2\/tags?post=8202"}],"curies":[{"name":"wp","href":"https:\/\/api.w.org\/{rel}","templated":true}]}}