{"id":82048,"date":"2016-03-09T19:15:40","date_gmt":"2016-03-09T22:15:40","guid":{"rendered":"http:\/\/www.redenoticia.com.br\/noticia\/?p=82048"},"modified":"2016-03-11T01:18:23","modified_gmt":"2016-03-11T04:18:23","slug":"novela-cuidado-com-o-anjo-resumo-1103-malu-decide-voltar-para-a-fazenda","status":"publish","type":"post","link":"https:\/\/migracao.redenoticia.com.br\/noticia\/2016\/novela-cuidado-com-o-anjo-resumo-1103-malu-decide-voltar-para-a-fazenda\/82048","title":{"rendered":"Novela \u201cCuidado com o Anjo\u201d resumo 11\/03: Malu decide voltar para a fazenda"},"content":{"rendered":"<p><img loading=\"lazy\" decoding=\"async\" class=\"alignleft size-thumbnail wp-image-82049\" src=\"https:\/\/migracao.redenoticia.com.br\/noticia\/imagens\/cuidado-com-o-anjo-novela-resumo-capitulo-sbt-episodio-150x112.jpg\" alt=\"cuidado com o anjo novela resumo capitulo sbt episodio\" width=\"150\" height=\"112\" srcset=\"https:\/\/migracao.redenoticia.com.br\/noticia\/imagens\/cuidado-com-o-anjo-novela-resumo-capitulo-sbt-episodio-150x112.jpg 150w, https:\/\/migracao.redenoticia.com.br\/noticia\/imagens\/cuidado-com-o-anjo-novela-resumo-capitulo-sbt-episodio-265x198.jpg 265w\" sizes=\"auto, (max-width: 150px) 100vw, 150px\" \/><strong><em>Novela \u201cCuidado com o Anjo\u201d resumo 11\/03<\/em><\/strong>: Malu decide voltar para a fazenda. No capitulo 075, sexta-feira, 11 de mar\u00e7o, est\u00e1 prevista uma cena (*) onde Jo\u00e3o Miguel demonstra tristeza e preocupa\u00e7\u00e3o com a mudan\u00e7a que Malu pretende fazer. Ele decide lutar pelo seu amor e por seu filho. Jo\u00e3o Miguel visita Mal\u00fa, pede a ela que n\u00e3o v\u00e1 embora com seu filho, jura que n\u00e3o pretende brigar pela guarda da crian\u00e7a e sugere uma conviv\u00eancia compartilhada. Mal\u00fa est\u00e1 irredut\u00edvel. Ela diz que n\u00e3o quer que o filho sofra com a separa\u00e7\u00e3o dos pais e diz que Leopardo pode ser um bom pai para seu filho.<\/p>\n<p>No capitulo 075, novela \u201cCuidado com o Anjo\u201d, sexta-feira, 11 de mar\u00e7o &#8211; Jo\u00e3o Miguel procura Leopardo para falar sobre Mal\u00fa e este tenta alert\u00e1-lo para o fato de que n\u00e3o sabe nada sobre o passado de Branca. Jo\u00e3o Miguel se irrita com o coment\u00e1rio e vai embora. Isabela volta a ligar para Branca se passando por Ivete.<\/p>\n<p>Jo\u00e3o Miguel visita Mal\u00fa, pede a ela que n\u00e3o v\u00e1 embora com seu filho, jura que n\u00e3o pretende brigar pela guarda da crian\u00e7a e sugere uma conviv\u00eancia compartilhada. Mal\u00fa n\u00e3o aceita, diz que n\u00e3o quer que o filho sofra com a separa\u00e7\u00e3o dos pais e diz que Leopardo pode ser um bom pai para seu filho. Cec\u00edlia diz a Candel\u00e1ria que n\u00e3o descansar\u00e1 enquanto n\u00e3o conseguir o perd\u00e3o de sua filha e pede a ela que conven\u00e7a Mal\u00fa a desistir do casamento, pois n\u00e3o est\u00e1 apaixonada por Leopardo.<\/p>\n<p>Amador pede a Ana J\u00falia que conven\u00e7a Mal\u00fa a ficar na capital. Padre Anselmo diz a Adriano o que tem que fazer para ver Bruninha no convento. Mal\u00fa pede a Leopardo que adie a ida para a fazenda. Jo\u00e3o Miguel volta a procurar Leopardo e suplica que n\u00e3o leve seu filho. Patr\u00edcio vai ao teatro e pede a Mal\u00fa que volte a viver com ele e Cec\u00edlia.<\/p>\n<p>(*) edi\u00e7\u00e3o do SBT, Novela \u201cCuidado com o Anjo\u201d, sujeito a altera\u00e7\u00e3o de data e conte\u00fado.<\/p>\n","protected":false},"excerpt":{"rendered":"<p>Novela \u201cCuidado com o Anjo\u201d resumo 11\/03: Malu decide voltar para a fazenda. No capitulo 075, sexta-feira, 11 de mar\u00e7o, est\u00e1 prevista uma cena (*) onde Jo\u00e3o Miguel demonstra tristeza e preocupa\u00e7\u00e3o com a mudan\u00e7a que Malu pretende fazer. Ele decide lutar pelo seu amor e por seu filho. Jo\u00e3o Miguel visita Mal\u00fa, pede a [&hellip;]<\/p>\n","protected":false},"author":2,"featured_media":82049,"comment_status":"open","ping_status":"closed","sticky":false,"template":"","format":"standard","meta":{"tdm_status":"","tdm_grid_status":"","footnotes":""},"categories":[379,372,343],"tags":[],"class_list":{"0":"post-82048","1":"post","2":"type-post","3":"status-publish","4":"format-standard","5":"has-post-thumbnail","7":"category-novelas","8":"category-sbt","9":"category-televisao"},"_links":{"self":[{"href":"https:\/\/migracao.redenoticia.com.br\/noticia\/wp-json\/wp\/v2\/posts\/82048","targetHints":{"allow":["GET"]}}],"collection":[{"href":"https:\/\/migracao.redenoticia.com.br\/noticia\/wp-json\/wp\/v2\/posts"}],"about":[{"href":"https:\/\/migracao.redenoticia.com.br\/noticia\/wp-json\/wp\/v2\/types\/post"}],"author":[{"embeddable":true,"href":"https:\/\/migracao.redenoticia.com.br\/noticia\/wp-json\/wp\/v2\/users\/2"}],"replies":[{"embeddable":true,"href":"https:\/\/migracao.redenoticia.com.br\/noticia\/wp-json\/wp\/v2\/comments?post=82048"}],"version-history":[{"count":0,"href":"https:\/\/migracao.redenoticia.com.br\/noticia\/wp-json\/wp\/v2\/posts\/82048\/revisions"}],"wp:featuredmedia":[{"embeddable":true,"href":"https:\/\/migracao.redenoticia.com.br\/noticia\/wp-json\/wp\/v2\/media\/82049"}],"wp:attachment":[{"href":"https:\/\/migracao.redenoticia.com.br\/noticia\/wp-json\/wp\/v2\/media?parent=82048"}],"wp:term":[{"taxonomy":"category","embeddable":true,"href":"https:\/\/migracao.redenoticia.com.br\/noticia\/wp-json\/wp\/v2\/categories?post=82048"},{"taxonomy":"post_tag","embeddable":true,"href":"https:\/\/migracao.redenoticia.com.br\/noticia\/wp-json\/wp\/v2\/tags?post=82048"}],"curies":[{"name":"wp","href":"https:\/\/api.w.org\/{rel}","templated":true}]}}