{"id":8205,"date":"2009-08-10T21:49:57","date_gmt":"2009-08-11T01:49:57","guid":{"rendered":"http:\/\/www.redenoticia.com.br\/noticia\/?p=8205"},"modified":"2009-08-12T23:40:37","modified_gmt":"2009-08-13T03:40:37","slug":"hebe-lanca-concurso-de-ator-mirim-para-novela","status":"publish","type":"post","link":"https:\/\/migracao.redenoticia.com.br\/noticia\/2009\/hebe-lanca-concurso-de-ator-mirim-para-novela\/8205","title":{"rendered":"Hebe lan\u00e7a concurso de ator mirim para novela"},"content":{"rendered":"<p>Estreia no Programa Hebe desta segunda, 10 de agosto, o quadro &#8220;Cena em A\u00e7\u00e3o&#8221;, no qual atores mirins (de 7 a 10 anos) v\u00e3o concorrer a um papel na novela Vende-se um V\u00e9u de Noiva. O vencedor ir\u00e1 interpretar um menino de rua na trama da autora Iris Abravanel, adaptada do texto de Janete Clair.\u00a0<\/p>\n<p>Cinco candidatos &#8211; Thomas Santos, Gugu Daneluz, Jo\u00e3o Pedro, Vitor Pimenta e Kaique da Silva &#8211; participar\u00e3o de testes de atua\u00e7\u00e3o, ao vivo, durante o programa. Um j\u00fari, que nesta semana ser\u00e1 composto por Tha\u00eds Pacholek, Talita Castro e S\u00e9rgio Abreu, e os telespectadores &#8211; por meio do site do SBT &#8211; v\u00e3o escolher o melhor ator-mirim ao final dos testes, no dia 14 de setembro.<\/p>\n<p>Nesta segunda, a atriz T\u00e2nia Bondezan, que interpreta Rita Vilela em Vende-se um V\u00e9u de Noiva, vai contracenar com os candidatos. Ela far\u00e1 o papel que foi de Irene Ravache em \u00c9ramos Seis, enquanto os participantes far\u00e3o as vezes do ator Caio Blat.<\/p>\n","protected":false},"excerpt":{"rendered":"<p>Estreia no Programa Hebe desta segunda, 10 de agosto, o quadro &#8220;Cena em A\u00e7\u00e3o&#8221;, no qual atores mirins (de 7 a 10 anos) v\u00e3o concorrer a um papel na novela Vende-se um V\u00e9u de Noiva. O vencedor ir\u00e1 interpretar um menino de rua na trama da autora Iris Abravanel, adaptada do texto de Janete Clair.\u00a0 [&hellip;]<\/p>\n","protected":false},"author":3,"featured_media":0,"comment_status":"open","ping_status":"open","sticky":false,"template":"","format":"standard","meta":{"tdm_status":"","tdm_grid_status":"","footnotes":""},"categories":[22,343],"tags":[],"class_list":{"0":"post-8205","1":"post","2":"type-post","3":"status-publish","4":"format-standard","6":"category-brasil","7":"category-televisao"},"_links":{"self":[{"href":"https:\/\/migracao.redenoticia.com.br\/noticia\/wp-json\/wp\/v2\/posts\/8205","targetHints":{"allow":["GET"]}}],"collection":[{"href":"https:\/\/migracao.redenoticia.com.br\/noticia\/wp-json\/wp\/v2\/posts"}],"about":[{"href":"https:\/\/migracao.redenoticia.com.br\/noticia\/wp-json\/wp\/v2\/types\/post"}],"author":[{"embeddable":true,"href":"https:\/\/migracao.redenoticia.com.br\/noticia\/wp-json\/wp\/v2\/users\/3"}],"replies":[{"embeddable":true,"href":"https:\/\/migracao.redenoticia.com.br\/noticia\/wp-json\/wp\/v2\/comments?post=8205"}],"version-history":[{"count":0,"href":"https:\/\/migracao.redenoticia.com.br\/noticia\/wp-json\/wp\/v2\/posts\/8205\/revisions"}],"wp:attachment":[{"href":"https:\/\/migracao.redenoticia.com.br\/noticia\/wp-json\/wp\/v2\/media?parent=8205"}],"wp:term":[{"taxonomy":"category","embeddable":true,"href":"https:\/\/migracao.redenoticia.com.br\/noticia\/wp-json\/wp\/v2\/categories?post=8205"},{"taxonomy":"post_tag","embeddable":true,"href":"https:\/\/migracao.redenoticia.com.br\/noticia\/wp-json\/wp\/v2\/tags?post=8205"}],"curies":[{"name":"wp","href":"https:\/\/api.w.org\/{rel}","templated":true}]}}