{"id":82051,"date":"2016-03-09T19:16:44","date_gmt":"2016-03-09T22:16:44","guid":{"rendered":"http:\/\/www.redenoticia.com.br\/noticia\/?p=82051"},"modified":"2016-03-09T23:57:56","modified_gmt":"2016-03-10T02:57:56","slug":"novela-teresa-resumo-1103-fernando-procura-teresa","status":"publish","type":"post","link":"https:\/\/migracao.redenoticia.com.br\/noticia\/2016\/novela-teresa-resumo-1103-fernando-procura-teresa\/82051","title":{"rendered":"Novela \u201cTeresa\u201d resumo 11\/03: Fernando procura Teresa"},"content":{"rendered":"<p><img loading=\"lazy\" decoding=\"async\" src=\"https:\/\/migracao.redenoticia.com.br\/noticia\/imagens\/teresa_resumo_novela_sbt_capitulo-150x112.jpg\" alt=\"teresa_resumo_novela_sbt_capitulo\" width=\"150\" height=\"112\" class=\"alignleft size-thumbnail wp-image-82052\" srcset=\"https:\/\/migracao.redenoticia.com.br\/noticia\/imagens\/teresa_resumo_novela_sbt_capitulo-150x112.jpg 150w, https:\/\/migracao.redenoticia.com.br\/noticia\/imagens\/teresa_resumo_novela_sbt_capitulo-265x198.jpg 265w\" sizes=\"auto, (max-width: 150px) 100vw, 150px\" \/><strong><em>Novela \u201cTeresa\u201d resumo 11\/03<\/em><\/strong>: ap\u00f3s as investidas de Teresa, Fernando fica inquieto e a procura. No capitulo 115, sexta-feira, 11 de mar\u00e7o, est\u00e1 prevista uma cena (*) onde Fernando procura Teresa para falar sobre o sentimento que est\u00e1 nascendo entre eles. Teresa est\u00e1 interessada em manter o seu padr\u00e3o de vida e sabe que Fernando \u00e9 um bom partido. Ela aproveita a chegada de Fernando e diz que s\u00f3 pensa nele. Para disfar\u00e7ar, Teresa diz que, por respeito a Arthur e Luisa, acha melhor que eles calem esse sentimento.  <\/p>\n<p>No capitulo 115, novela \u201cTeresa\u201d, sexta-feira, 11 de mar\u00e7o &#8211; Roberto diz a Joana que sabe que ela terminou com ele unicamente por n\u00e3o poder lhe dar filhos. Joana responde que n\u00e3o \u00e9 correto ela tirar dele seu maior sonho, o de ser pai, e que, al\u00e9m disso, ele anda com Oriana, e isso ela jamais poder\u00e1 perdoar. Roberto diz que jamais andou com sua patroa e que Joana \u00e9 a \u00fanica mulher de sua vida.<\/p>\n<p>Quanto a ter filhos, eles poderiam adotar. Mariano segue insistindo que Aurora o perdoe e aceite ser sua namorada. Magda e Dario dizem que Mariano n\u00e3o deve desistir, pois Aurora \u00e9 uma mulher que vale muito a pena. Roberto diz a Teresa que sabe que Joana o ama. Teresa responde que sua madrinha jamais se apaixonaria por um mariachi de quinta.<\/p>\n<p>Teresa procura Joana e diz que n\u00e3o lhe parece correto que ela, mesmo estando com Heitor, continue vendo Roberto. Regina diz a Teresa que Armando a disse que caso a filha volte a ter problemas no casamento, deve se divorciar. Fernando, inquieto, procura Teresa. Teresa diz que s\u00f3 pensa nele, mas por respeito a Arthur e Luisa acha melhor que eles calem esse sentimento.<\/p>\n<p>(*) edi\u00e7\u00e3o do SBT, Novela \u201cTeresa\u201d, sujeito a altera\u00e7\u00e3o de data e conte\u00fado.<\/p>\n","protected":false},"excerpt":{"rendered":"<p>Novela \u201cTeresa\u201d resumo 11\/03: ap\u00f3s as investidas de Teresa, Fernando fica inquieto e a procura. No capitulo 115, sexta-feira, 11 de mar\u00e7o, est\u00e1 prevista uma cena (*) onde Fernando procura Teresa para falar sobre o sentimento que est\u00e1 nascendo entre eles. Teresa est\u00e1 interessada em manter o seu padr\u00e3o de vida e sabe que Fernando [&hellip;]<\/p>\n","protected":false},"author":2,"featured_media":82052,"comment_status":"open","ping_status":"closed","sticky":false,"template":"","format":"standard","meta":{"tdm_status":"","tdm_grid_status":"","footnotes":""},"categories":[379,372,343],"tags":[],"class_list":{"0":"post-82051","1":"post","2":"type-post","3":"status-publish","4":"format-standard","5":"has-post-thumbnail","7":"category-novelas","8":"category-sbt","9":"category-televisao"},"_links":{"self":[{"href":"https:\/\/migracao.redenoticia.com.br\/noticia\/wp-json\/wp\/v2\/posts\/82051","targetHints":{"allow":["GET"]}}],"collection":[{"href":"https:\/\/migracao.redenoticia.com.br\/noticia\/wp-json\/wp\/v2\/posts"}],"about":[{"href":"https:\/\/migracao.redenoticia.com.br\/noticia\/wp-json\/wp\/v2\/types\/post"}],"author":[{"embeddable":true,"href":"https:\/\/migracao.redenoticia.com.br\/noticia\/wp-json\/wp\/v2\/users\/2"}],"replies":[{"embeddable":true,"href":"https:\/\/migracao.redenoticia.com.br\/noticia\/wp-json\/wp\/v2\/comments?post=82051"}],"version-history":[{"count":0,"href":"https:\/\/migracao.redenoticia.com.br\/noticia\/wp-json\/wp\/v2\/posts\/82051\/revisions"}],"wp:featuredmedia":[{"embeddable":true,"href":"https:\/\/migracao.redenoticia.com.br\/noticia\/wp-json\/wp\/v2\/media\/82052"}],"wp:attachment":[{"href":"https:\/\/migracao.redenoticia.com.br\/noticia\/wp-json\/wp\/v2\/media?parent=82051"}],"wp:term":[{"taxonomy":"category","embeddable":true,"href":"https:\/\/migracao.redenoticia.com.br\/noticia\/wp-json\/wp\/v2\/categories?post=82051"},{"taxonomy":"post_tag","embeddable":true,"href":"https:\/\/migracao.redenoticia.com.br\/noticia\/wp-json\/wp\/v2\/tags?post=82051"}],"curies":[{"name":"wp","href":"https:\/\/api.w.org\/{rel}","templated":true}]}}