{"id":82071,"date":"2016-03-09T14:55:35","date_gmt":"2016-03-09T17:55:35","guid":{"rendered":"http:\/\/www.redenoticia.com.br\/noticia\/?p=82071"},"modified":"2016-03-09T15:06:27","modified_gmt":"2016-03-09T18:06:27","slug":"custo-de-vida-em-sao-paulo-aumenta-071","status":"publish","type":"post","link":"https:\/\/migracao.redenoticia.com.br\/noticia\/2016\/custo-de-vida-em-sao-paulo-aumenta-071\/82071","title":{"rendered":"Custo de vida em S\u00e3o Paulo aumenta 0,71%"},"content":{"rendered":"<p> O aumento nos pre\u00e7os de alimentos e de combust\u00edveis foi o principal respons\u00e1vel pela alta no <strong><em>\u00cdndice do Custo de Vida<\/em><\/strong> (ICV), em fevereiro, em S\u00e3o Paulo. Na compara\u00e7\u00e3o com janeiro, o \u00edndice subiu 0,71%. O indicador, divulgado mensalmente, abrange somente a capital do estado e foi divulgado pelo Departamento Intersindical de Estat\u00edstica e Estudos Socioecon\u00f4micos (Dieese).<\/p>\n<p>Entre os grupos que comp\u00f5em o indicador, al\u00e9m da alta nos itens alimenta\u00e7\u00e3o (0,66%) e transporte (1,36%), tamb\u00e9m houve eleva\u00e7\u00e3o nos grupos despesa pessoal (2,11%), sa\u00fade (0,84%), habita\u00e7\u00e3o (0,17%), equipamento dom\u00e9stico (0,73%), vestu\u00e1rio (0,13%) e educa\u00e7\u00e3o e leitura (0,57%).<\/p>\n<p>Reajustes<\/p>\n<p>No grupo transporte, o indicador sofreu alta tanto por causa do aumento no pre\u00e7o das tarifas do transporte p\u00fablico em janeiro (1,77%) quanto no pre\u00e7o do combust\u00edvel (1,18). J\u00e1 em alimenta\u00e7\u00e3o, a alta foi puxada pelo reajuste nos subgrupos ind\u00fastria aliment\u00edcia (1,27%) e alimenta\u00e7\u00e3o fora do domicilio (0,47%). S\u00f3 foram registradas quedas nos grupos recrea\u00e7\u00e3o (-0,42%) e despesas diversas (-0,08%). No acumulado do ano, entre janeiro e fevereiro, o ICV acumula alta de 2,52%. Entre mar\u00e7o do ano passado e fevereiro deste ano, a alta \u00e9 de 10,20%.<\/p>\n<p>Elaine Patricia Cruz \u2013 Rep\u00f3rter da Ag\u00eancia Brasil<br \/>\nEdi\u00e7\u00e3o: Kleber Sampaio<br \/>\n09\/03\/2016<br \/>\n&#8212;<\/p>\n<p>A Empresa Brasil de Comunica\u00e7\u00e3o \u00e9 uma institui\u00e7\u00e3o da democracia brasileira: p\u00fablica, inclusiva e cidad\u00e3. Criada em 2007 para fortalecer o sistema p\u00fablico de comunica\u00e7\u00e3o, \u00e9 gestora dos canais TV Brasil, TV Brasil Internacional, Ag\u00eancia Brasil, Radioag\u00eancia Nacional e do sistema p\u00fablico de R\u00e1dio \u2013 composto por oito emissoras. Estes, por sua independ\u00eancia editorial, distinguem-se dos canais estatais ou governamentais, com conte\u00fados diferenciados e complementares aos canais privados. Os ve\u00edculos da EBC t\u00eam autonomia para definir produ\u00e7\u00e3o, programa\u00e7\u00e3o e distribui\u00e7\u00e3o de conte\u00fados.<\/p>\n","protected":false},"excerpt":{"rendered":"<p>O aumento nos pre\u00e7os de alimentos e de combust\u00edveis foi o principal respons\u00e1vel pela alta no \u00cdndice do Custo de Vida (ICV), em fevereiro, em S\u00e3o Paulo. Na compara\u00e7\u00e3o com janeiro, o \u00edndice subiu 0,71%. O indicador, divulgado mensalmente, abrange somente a capital do estado e foi divulgado pelo Departamento Intersindical de Estat\u00edstica e Estudos [&hellip;]<\/p>\n","protected":false},"author":2,"featured_media":57585,"comment_status":"open","ping_status":"closed","sticky":false,"template":"","format":"standard","meta":{"tdm_status":"","tdm_grid_status":"","footnotes":""},"categories":[22,7],"tags":[],"class_list":{"0":"post-82071","1":"post","2":"type-post","3":"status-publish","4":"format-standard","5":"has-post-thumbnail","7":"category-brasil","8":"category-economia"},"_links":{"self":[{"href":"https:\/\/migracao.redenoticia.com.br\/noticia\/wp-json\/wp\/v2\/posts\/82071","targetHints":{"allow":["GET"]}}],"collection":[{"href":"https:\/\/migracao.redenoticia.com.br\/noticia\/wp-json\/wp\/v2\/posts"}],"about":[{"href":"https:\/\/migracao.redenoticia.com.br\/noticia\/wp-json\/wp\/v2\/types\/post"}],"author":[{"embeddable":true,"href":"https:\/\/migracao.redenoticia.com.br\/noticia\/wp-json\/wp\/v2\/users\/2"}],"replies":[{"embeddable":true,"href":"https:\/\/migracao.redenoticia.com.br\/noticia\/wp-json\/wp\/v2\/comments?post=82071"}],"version-history":[{"count":0,"href":"https:\/\/migracao.redenoticia.com.br\/noticia\/wp-json\/wp\/v2\/posts\/82071\/revisions"}],"wp:featuredmedia":[{"embeddable":true,"href":"https:\/\/migracao.redenoticia.com.br\/noticia\/wp-json\/wp\/v2\/media\/57585"}],"wp:attachment":[{"href":"https:\/\/migracao.redenoticia.com.br\/noticia\/wp-json\/wp\/v2\/media?parent=82071"}],"wp:term":[{"taxonomy":"category","embeddable":true,"href":"https:\/\/migracao.redenoticia.com.br\/noticia\/wp-json\/wp\/v2\/categories?post=82071"},{"taxonomy":"post_tag","embeddable":true,"href":"https:\/\/migracao.redenoticia.com.br\/noticia\/wp-json\/wp\/v2\/tags?post=82071"}],"curies":[{"name":"wp","href":"https:\/\/api.w.org\/{rel}","templated":true}]}}