{"id":82118,"date":"2016-03-09T19:17:04","date_gmt":"2016-03-09T22:17:04","guid":{"rendered":"http:\/\/www.redenoticia.com.br\/noticia\/?p=82118"},"modified":"2016-03-09T23:57:03","modified_gmt":"2016-03-10T02:57:03","slug":"novela-meu-coracao-e-teu-resumo-1103-fernando-conhece-lola","status":"publish","type":"post","link":"https:\/\/migracao.redenoticia.com.br\/noticia\/2016\/novela-meu-coracao-e-teu-resumo-1103-fernando-conhece-lola\/82118","title":{"rendered":"Novela \u201cMeu Cora\u00e7\u00e3o \u00e9 Teu\u201d resumo 11\/03: Fernando conhece Lola"},"content":{"rendered":"<p><img loading=\"lazy\" decoding=\"async\" src=\"https:\/\/migracao.redenoticia.com.br\/noticia\/imagens\/meu_coracao_e_teu_novela_resumo_sbt-150x112.jpg\" alt=\"meu_coracao_e_teu_novela_resumo_sbt\" width=\"150\" height=\"112\" class=\"alignleft size-thumbnail wp-image-82119\" srcset=\"https:\/\/migracao.redenoticia.com.br\/noticia\/imagens\/meu_coracao_e_teu_novela_resumo_sbt-150x112.jpg 150w, https:\/\/migracao.redenoticia.com.br\/noticia\/imagens\/meu_coracao_e_teu_novela_resumo_sbt-265x198.jpg 265w\" sizes=\"auto, (max-width: 150px) 100vw, 150px\" \/><strong><em>Novela \u201cMeu Cora\u00e7\u00e3o \u00e9 Teu\u201d resumo 11\/03<\/em><\/strong>: Jennifer conhece Nicolas e Fernando se preocupa com o relacionamento do pai. Isabela convence Fernando de que, com uma boa quantidade de dinheiro, Jennifer deixar\u00e1 Nicolas em paz. Fernando aparece na boate para entregar dinheiro a Jennifer, e Ana tem que dan\u00e7ar mascarada com o pseud\u00f4nimo de Lola. No capitulo 010, sexta-feira, 11 de mar\u00e7o, est\u00e1 prevista uma cena (*) onde Fernando conhece Lola e se decepciona. Ao chegar \u00e0 sua casa, Ana o faz lembrar que as vezes tudo o que precisamos est\u00e1 mais perto do que possamos imaginar. Fernando diz a Ana que ela \u00e9 a mulher da casa.<\/p>\n<p>No capitulo 010, novela \u201cMeu Cora\u00e7\u00e3o \u00e9 Teu\u201d, sexta-feira, 11 de mar\u00e7o &#8211; Fernando por fim conhece Lola, mas tem uma grande decep\u00e7\u00e3o, pois encontra uma mulher totalmente diferente do que imaginava. Ao chegar \u00e0 sua casa, se sente rid\u00edculo. Ela o faz lembrar que as vezes tudo o que precisamos est\u00e1 mais perto do que possamos imaginar. Fernando diz a Ana que ela \u00e9 a mulher da casa, que tudo seria um desastre sem sua presen\u00e7a, e que seus filhos est\u00e3o muito felizes com ela. Isabela arma um plano, muito bem feito, para conseguir ficar com Fernando. Ela o leva a uma fazenda, dizendo o se tratar de uma conven\u00e7\u00e3o de trabalho.<\/p>\n<p>Isabela faz o poss\u00edvel para que Fernando caia em sua rede, e com esfor\u00e7o, consegue atra\u00ed-lo para sua cama, onde fazem amor. Nando segue sofrendo chacota dos seus colegas de escola, que o chamam de gay e garotinha. Em uma noite de tempestade, Jonnhy coloca uma escada para entrar na mans\u00e3o Lascurain pela sacada do quarto de Ana. Bruno fala por telefone quando um raio cai em cima da casa, fazendo com que apare\u00e7a at\u00e9 seu esqueleto. Jonnhy sente que Ana est\u00e1 se afastando dele e teme perder seu amor para Fernando.<\/p>\n<p>Ana n\u00e3o consegue dormir, e Fernando, em seu quarto, tamb\u00e9m est\u00e1 inquieto. As crian\u00e7as ficam nervosas por causa da tempestade. Os g\u00eameos aproveitam para fazerem planos a fim de que consigam n\u00e3o irem a escola. Isabela diz a Fernando que a noite anterior foi maravilhosa. Ana descobre que os g\u00eameos est\u00e3o muito quentes e pede a Fernando que chame um pediatra. Isabela tenta falar com Fernando pelo celular, mas Ana o atende e diz que ele est\u00e1 muito ocupado. Alex e Guille confessam a Ana que n\u00e3o est\u00e3o doentes, e ela os manda a escola. Fanny suspeita que Nando anda estranho por culpa de Helena. Fernando repreende Ana por ter deixado se enganar pelos g\u00eameos. Fanny liga para seu pai e o questiona se ele passou a noite com Isabela.<\/p>\n<p>(*) edi\u00e7\u00e3o do SBT, Novela \u201cMeu Cora\u00e7\u00e3o \u00e9 Teu\u201d, sujeito a altera\u00e7\u00e3o de data e conte\u00fado.<\/p>\n","protected":false},"excerpt":{"rendered":"<p>Novela \u201cMeu Cora\u00e7\u00e3o \u00e9 Teu\u201d resumo 11\/03: Jennifer conhece Nicolas e Fernando se preocupa com o relacionamento do pai. Isabela convence Fernando de que, com uma boa quantidade de dinheiro, Jennifer deixar\u00e1 Nicolas em paz. Fernando aparece na boate para entregar dinheiro a Jennifer, e Ana tem que dan\u00e7ar mascarada com o pseud\u00f4nimo de Lola. [&hellip;]<\/p>\n","protected":false},"author":2,"featured_media":82119,"comment_status":"open","ping_status":"closed","sticky":false,"template":"","format":"standard","meta":{"tdm_status":"","tdm_grid_status":"","footnotes":""},"categories":[379,372,343],"tags":[],"class_list":{"0":"post-82118","1":"post","2":"type-post","3":"status-publish","4":"format-standard","5":"has-post-thumbnail","7":"category-novelas","8":"category-sbt","9":"category-televisao"},"_links":{"self":[{"href":"https:\/\/migracao.redenoticia.com.br\/noticia\/wp-json\/wp\/v2\/posts\/82118","targetHints":{"allow":["GET"]}}],"collection":[{"href":"https:\/\/migracao.redenoticia.com.br\/noticia\/wp-json\/wp\/v2\/posts"}],"about":[{"href":"https:\/\/migracao.redenoticia.com.br\/noticia\/wp-json\/wp\/v2\/types\/post"}],"author":[{"embeddable":true,"href":"https:\/\/migracao.redenoticia.com.br\/noticia\/wp-json\/wp\/v2\/users\/2"}],"replies":[{"embeddable":true,"href":"https:\/\/migracao.redenoticia.com.br\/noticia\/wp-json\/wp\/v2\/comments?post=82118"}],"version-history":[{"count":0,"href":"https:\/\/migracao.redenoticia.com.br\/noticia\/wp-json\/wp\/v2\/posts\/82118\/revisions"}],"wp:featuredmedia":[{"embeddable":true,"href":"https:\/\/migracao.redenoticia.com.br\/noticia\/wp-json\/wp\/v2\/media\/82119"}],"wp:attachment":[{"href":"https:\/\/migracao.redenoticia.com.br\/noticia\/wp-json\/wp\/v2\/media?parent=82118"}],"wp:term":[{"taxonomy":"category","embeddable":true,"href":"https:\/\/migracao.redenoticia.com.br\/noticia\/wp-json\/wp\/v2\/categories?post=82118"},{"taxonomy":"post_tag","embeddable":true,"href":"https:\/\/migracao.redenoticia.com.br\/noticia\/wp-json\/wp\/v2\/tags?post=82118"}],"curies":[{"name":"wp","href":"https:\/\/api.w.org\/{rel}","templated":true}]}}