{"id":82130,"date":"2016-03-09T19:29:17","date_gmt":"2016-03-09T22:29:17","guid":{"rendered":"http:\/\/www.redenoticia.com.br\/noticia\/?p=82130"},"modified":"2016-03-09T23:48:20","modified_gmt":"2016-03-10T02:48:20","slug":"novela-eta-mundo-bom-resumo-1103-maria-entra-em-trabalho-de-parto","status":"publish","type":"post","link":"https:\/\/migracao.redenoticia.com.br\/noticia\/2016\/novela-eta-mundo-bom-resumo-1103-maria-entra-em-trabalho-de-parto\/82130","title":{"rendered":"Novela \u201cEta Mundo Bom\u201d resumo 11\/03: Maria entra em trabalho de parto"},"content":{"rendered":"<p><img loading=\"lazy\" decoding=\"async\" src=\"https:\/\/migracao.redenoticia.com.br\/noticia\/imagens\/eta_mundo_bom_globo_novela_resumo-150x112.jpg\" alt=\"eta_mundo_bom_globo_novela_resumo\" width=\"150\" height=\"112\" class=\"alignleft size-thumbnail wp-image-82131\" srcset=\"https:\/\/migracao.redenoticia.com.br\/noticia\/imagens\/eta_mundo_bom_globo_novela_resumo-150x112.jpg 150w, https:\/\/migracao.redenoticia.com.br\/noticia\/imagens\/eta_mundo_bom_globo_novela_resumo-265x198.jpg 265w\" sizes=\"auto, (max-width: 150px) 100vw, 150px\" \/><strong><em>Novela \u201cEta Mundo Bom\u201d resumo 11\/03<\/em><\/strong>: Sandra arma um plano para que Anast\u00e1cia expulse Maria de sua casa, mas Celso a defende. Maria fica nervosa, entra em trabalho de parto e o m\u00e9dico alerta Anast\u00e1cia e Celso que m\u00e3e e beb\u00ea est\u00e3o em risco. No capitulo 047, sexta-feira, 11 de mar\u00e7o, est\u00e1 prevista uma cena (*) onde Celso e Anast\u00e1cia se preocupam com Maria. Logo depois, nasce uma menina, a filha de Maria, e o m\u00e9dico afirma que a mo\u00e7a ir\u00e1 sobreviver.<\/p>\n<p>No capitulo 047, novela \u201cEta Mundo Bom\u201d, sexta-feira, 11 de mar\u00e7o &#8211; Celso e Anast\u00e1cia se preocupam com Maria. Severo ofende Emma e Lauro a defende. Ara\u00fajo flerta com Sandra.<\/p>\n<p>Nasce a filha de Maria, e o m\u00e9dico afirma que a mo\u00e7a ir\u00e1 sobreviver. Romeu volta para a pens\u00e3o de Cam\u00e9lia e Olga o apoia.<\/p>\n<p>Z\u00e9 dos Porcos encontra o anel de diamantes que Romeu comprou para Mafalda. Pancr\u00e1cio e Pirulito se preocupam com a seguran\u00e7a de Candinho. Cara de C\u00e3o consegue arrancar o medalh\u00e3o de Candinho.<\/p>\n<p>(*) edi\u00e7\u00e3o da Rede Globo, Novela \u201cEta Mundo Bom\u201d, sujeito a altera\u00e7\u00e3o de data e conte\u00fado.<\/p>\n","protected":false},"excerpt":{"rendered":"<p>Novela \u201cEta Mundo Bom\u201d resumo 11\/03: Sandra arma um plano para que Anast\u00e1cia expulse Maria de sua casa, mas Celso a defende. Maria fica nervosa, entra em trabalho de parto e o m\u00e9dico alerta Anast\u00e1cia e Celso que m\u00e3e e beb\u00ea est\u00e3o em risco. No capitulo 047, sexta-feira, 11 de mar\u00e7o, est\u00e1 prevista uma cena [&hellip;]<\/p>\n","protected":false},"author":2,"featured_media":82131,"comment_status":"open","ping_status":"closed","sticky":false,"template":"","format":"standard","meta":{"tdm_status":"","tdm_grid_status":"","footnotes":""},"categories":[379,375,343],"tags":[],"class_list":{"0":"post-82130","1":"post","2":"type-post","3":"status-publish","4":"format-standard","5":"has-post-thumbnail","7":"category-novelas","8":"category-rede-globo","9":"category-televisao"},"_links":{"self":[{"href":"https:\/\/migracao.redenoticia.com.br\/noticia\/wp-json\/wp\/v2\/posts\/82130","targetHints":{"allow":["GET"]}}],"collection":[{"href":"https:\/\/migracao.redenoticia.com.br\/noticia\/wp-json\/wp\/v2\/posts"}],"about":[{"href":"https:\/\/migracao.redenoticia.com.br\/noticia\/wp-json\/wp\/v2\/types\/post"}],"author":[{"embeddable":true,"href":"https:\/\/migracao.redenoticia.com.br\/noticia\/wp-json\/wp\/v2\/users\/2"}],"replies":[{"embeddable":true,"href":"https:\/\/migracao.redenoticia.com.br\/noticia\/wp-json\/wp\/v2\/comments?post=82130"}],"version-history":[{"count":0,"href":"https:\/\/migracao.redenoticia.com.br\/noticia\/wp-json\/wp\/v2\/posts\/82130\/revisions"}],"wp:featuredmedia":[{"embeddable":true,"href":"https:\/\/migracao.redenoticia.com.br\/noticia\/wp-json\/wp\/v2\/media\/82131"}],"wp:attachment":[{"href":"https:\/\/migracao.redenoticia.com.br\/noticia\/wp-json\/wp\/v2\/media?parent=82130"}],"wp:term":[{"taxonomy":"category","embeddable":true,"href":"https:\/\/migracao.redenoticia.com.br\/noticia\/wp-json\/wp\/v2\/categories?post=82130"},{"taxonomy":"post_tag","embeddable":true,"href":"https:\/\/migracao.redenoticia.com.br\/noticia\/wp-json\/wp\/v2\/tags?post=82130"}],"curies":[{"name":"wp","href":"https:\/\/api.w.org\/{rel}","templated":true}]}}