{"id":82133,"date":"2016-03-09T19:30:44","date_gmt":"2016-03-09T22:30:44","guid":{"rendered":"http:\/\/www.redenoticia.com.br\/noticia\/?p=82133"},"modified":"2016-03-09T23:14:52","modified_gmt":"2016-03-10T02:14:52","slug":"novela-totalmente-demais-resumo-1103-dino-apanha-de-arthur","status":"publish","type":"post","link":"https:\/\/migracao.redenoticia.com.br\/noticia\/2016\/novela-totalmente-demais-resumo-1103-dino-apanha-de-arthur\/82133","title":{"rendered":"Novela \u201cTotalmente Demais\u201d resumo 11\/03: Dino apanha de Arthur"},"content":{"rendered":"<p><strong><em><img loading=\"lazy\" decoding=\"async\" class=\"alignleft size-thumbnail wp-image-76581\" src=\"https:\/\/migracao.redenoticia.com.br\/noticia\/imagens\/totalmente_demais_novela_resumo_globo-150x112.jpg\" alt=\"totalmente_demais_novela_resumo_globo\" width=\"150\" height=\"112\" srcset=\"https:\/\/migracao.redenoticia.com.br\/noticia\/imagens\/totalmente_demais_novela_resumo_globo-150x112.jpg 150w, https:\/\/migracao.redenoticia.com.br\/noticia\/imagens\/totalmente_demais_novela_resumo_globo-265x198.jpg 265w\" sizes=\"auto, (max-width: 150px) 100vw, 150px\" \/>Novela \u201cTotalmente Demais\u201d resumo 11\/03<\/em><\/strong>: Eliza supera seus traumas e decide posar nua na \u00faltima etapa do concurso. No capitulo 107, sexta-feira, 11 de mar\u00e7o, est\u00e1 prevista uma cena (*) onde Eliza encontra o malvado padrasto Dino, no meio do est\u00fadio de Rafael, bem na hora de fazer as fotos. Eliza grita e Arthur o expulsa do local. Ao tentar fugir, Dino \u00e9 surpreendido por um chute de Pietro. Arthur chega em seguida para finalizar a briga com socos. Dino tenta voltar para o est\u00fadio, mas Carolina ordena que Florisval vigie a porta.<\/p>\n<p>No capitulo 107, novela \u201cTotalmente Demais\u201d, sexta-feira, 11 de mar\u00e7o &#8211; Arthur e Pietro expulsam Dino do est\u00fadio. Incentivada por Arthur, Eliza decide fazer o ensaio fotogr\u00e1fico e tem um \u00f3timo desempenho.<\/p>\n<p>Gilda diz a Dayse que est\u00e1 decepcionada com Eliza. Carolina pergunta a Z\u00e9 Pedro se existe alguma cl\u00e1usula no contrato que impede a participa\u00e7\u00e3o de parentes do patrocinador do concurso.<\/p>\n<p>Jonatas e Leila percebem o clima de romance entre Eliza e Arthur.<\/p>\n<p>(*) edi\u00e7\u00e3o da Rede Globo, Novela \u201cTotalmente Demais\u201d, sujeito a altera\u00e7\u00e3o de data e conte\u00fado.<\/p>\n","protected":false},"excerpt":{"rendered":"<p>Novela \u201cTotalmente Demais\u201d resumo 11\/03: Eliza supera seus traumas e decide posar nua na \u00faltima etapa do concurso. No capitulo 107, sexta-feira, 11 de mar\u00e7o, est\u00e1 prevista uma cena (*) onde Eliza encontra o malvado padrasto Dino, no meio do est\u00fadio de Rafael, bem na hora de fazer as fotos. Eliza grita e Arthur o [&hellip;]<\/p>\n","protected":false},"author":2,"featured_media":76581,"comment_status":"open","ping_status":"closed","sticky":false,"template":"","format":"standard","meta":{"tdm_status":"","tdm_grid_status":"","footnotes":""},"categories":[379,375,343],"tags":[],"class_list":{"0":"post-82133","1":"post","2":"type-post","3":"status-publish","4":"format-standard","5":"has-post-thumbnail","7":"category-novelas","8":"category-rede-globo","9":"category-televisao"},"_links":{"self":[{"href":"https:\/\/migracao.redenoticia.com.br\/noticia\/wp-json\/wp\/v2\/posts\/82133","targetHints":{"allow":["GET"]}}],"collection":[{"href":"https:\/\/migracao.redenoticia.com.br\/noticia\/wp-json\/wp\/v2\/posts"}],"about":[{"href":"https:\/\/migracao.redenoticia.com.br\/noticia\/wp-json\/wp\/v2\/types\/post"}],"author":[{"embeddable":true,"href":"https:\/\/migracao.redenoticia.com.br\/noticia\/wp-json\/wp\/v2\/users\/2"}],"replies":[{"embeddable":true,"href":"https:\/\/migracao.redenoticia.com.br\/noticia\/wp-json\/wp\/v2\/comments?post=82133"}],"version-history":[{"count":0,"href":"https:\/\/migracao.redenoticia.com.br\/noticia\/wp-json\/wp\/v2\/posts\/82133\/revisions"}],"wp:featuredmedia":[{"embeddable":true,"href":"https:\/\/migracao.redenoticia.com.br\/noticia\/wp-json\/wp\/v2\/media\/76581"}],"wp:attachment":[{"href":"https:\/\/migracao.redenoticia.com.br\/noticia\/wp-json\/wp\/v2\/media?parent=82133"}],"wp:term":[{"taxonomy":"category","embeddable":true,"href":"https:\/\/migracao.redenoticia.com.br\/noticia\/wp-json\/wp\/v2\/categories?post=82133"},{"taxonomy":"post_tag","embeddable":true,"href":"https:\/\/migracao.redenoticia.com.br\/noticia\/wp-json\/wp\/v2\/tags?post=82133"}],"curies":[{"name":"wp","href":"https:\/\/api.w.org\/{rel}","templated":true}]}}