{"id":82165,"date":"2016-03-10T17:24:35","date_gmt":"2016-03-10T20:24:35","guid":{"rendered":"http:\/\/www.redenoticia.com.br\/noticia\/?p=82165"},"modified":"2016-03-10T17:24:48","modified_gmt":"2016-03-10T20:24:48","slug":"novela-velho-chico-resumo-1403-padre-romao-aparta-briga-entre-rosa-e-jacinto","status":"publish","type":"post","link":"https:\/\/migracao.redenoticia.com.br\/noticia\/2016\/novela-velho-chico-resumo-1403-padre-romao-aparta-briga-entre-rosa-e-jacinto\/82165","title":{"rendered":"Novela \u201cVelho Chico\u201d resumo 14\/03: Padre Rom\u00e3o aparta briga entre Rosa e Jacinto"},"content":{"rendered":"<p><img loading=\"lazy\" decoding=\"async\" class=\"alignleft size-thumbnail wp-image-82169\" src=\"https:\/\/migracao.redenoticia.com.br\/noticia\/imagens\/velho_chico_novela_resumo_globo-150x112.jpg\" alt=\"velho_chico_novela_resumo_globo\" width=\"150\" height=\"112\" srcset=\"https:\/\/migracao.redenoticia.com.br\/noticia\/imagens\/velho_chico_novela_resumo_globo-150x112.jpg 150w, https:\/\/migracao.redenoticia.com.br\/noticia\/imagens\/velho_chico_novela_resumo_globo-265x198.jpg 265w\" sizes=\"auto, (max-width: 150px) 100vw, 150px\" \/><strong><em>Novela \u201cVelho Chico\u201d resumo 14\/03<\/em><\/strong>: em Grotas de S\u00e3o Francisco, no Nordeste brasileiro, \u00e9 onde tudo come\u00e7a no final da d\u00e9cada de 1960. O Coronel Jacinto, dono de quase tudo ali, comanda a pol\u00edtica, a economia e quem aparecer pela sua frente. Mas ele quer ainda mais. \u00c9 por isso que est\u00e1 de olho nas terras do Capit\u00e3o Rosa. Dono da fazenda Piat\u00e3, o cabra tem moral e coragem para enfrentar a figura do todo-poderoso, e isso \u00e9 o que provoca o in\u00edcio do duelo que vai atravessar gera\u00e7\u00f5es at\u00e9 os dias de hoje. No capitulo 001, segunda-feira, 14 de mar\u00e7o, est\u00e1 prevista uma cena (*) onde o Capit\u00e3o Rosa fica na mira do Coronel Jacinto. O padre Rom\u00e3o aparta a briga. Eul\u00e1lia teme o confronto, mas Encarna\u00e7\u00e3o incentiva o marido Jacinto a enfrentar o capit\u00e3o.<\/p>\n<p>No capitulo 001, novela \u201cVelho Chico\u201d, sexta-feira, 14 de mar\u00e7o &#8211; Eug\u00eanio conta a Martim a hist\u00f3ria do Velho Chico. Coronel Jacinto pede que Padre Rom\u00e3o anuncie ao povo a candidatura de Afr\u00e2nio a deputado ap\u00f3s a missa paroquial.<\/p>\n<p>Capit\u00e3o Rosa acusa Jacinto de roubar o povo, e Padre Rom\u00e3o aparta a briga entre os dois. Eul\u00e1lia teme o confronto de Rosa e Jacinto, mas Encarna\u00e7\u00e3o incentiva o marido a enfrentar o capit\u00e3o.<\/p>\n<p>Piedade e Belmiro lamentam a seca no sert\u00e3o. Encarna\u00e7\u00e3o n\u00e3o aprova o ingresso de Afr\u00e2nio na pol\u00edtica. Jacinto e Floriano selam um acordo contra o Capit\u00e3o Rosa.<\/p>\n<p>(*) edi\u00e7\u00e3o da Rede Globo, Novela \u201cVelho Chico\u201d, sujeito a altera\u00e7\u00e3o de data e conte\u00fado.<\/p>\n","protected":false},"excerpt":{"rendered":"<p>Novela \u201cVelho Chico\u201d resumo 14\/03: em Grotas de S\u00e3o Francisco, no Nordeste brasileiro, \u00e9 onde tudo come\u00e7a no final da d\u00e9cada de 1960. O Coronel Jacinto, dono de quase tudo ali, comanda a pol\u00edtica, a economia e quem aparecer pela sua frente. Mas ele quer ainda mais. \u00c9 por isso que est\u00e1 de olho nas [&hellip;]<\/p>\n","protected":false},"author":2,"featured_media":82169,"comment_status":"open","ping_status":"closed","sticky":false,"template":"","format":"standard","meta":{"tdm_status":"","tdm_grid_status":"","footnotes":""},"categories":[379,375,343],"tags":[],"class_list":{"0":"post-82165","1":"post","2":"type-post","3":"status-publish","4":"format-standard","5":"has-post-thumbnail","7":"category-novelas","8":"category-rede-globo","9":"category-televisao"},"_links":{"self":[{"href":"https:\/\/migracao.redenoticia.com.br\/noticia\/wp-json\/wp\/v2\/posts\/82165","targetHints":{"allow":["GET"]}}],"collection":[{"href":"https:\/\/migracao.redenoticia.com.br\/noticia\/wp-json\/wp\/v2\/posts"}],"about":[{"href":"https:\/\/migracao.redenoticia.com.br\/noticia\/wp-json\/wp\/v2\/types\/post"}],"author":[{"embeddable":true,"href":"https:\/\/migracao.redenoticia.com.br\/noticia\/wp-json\/wp\/v2\/users\/2"}],"replies":[{"embeddable":true,"href":"https:\/\/migracao.redenoticia.com.br\/noticia\/wp-json\/wp\/v2\/comments?post=82165"}],"version-history":[{"count":0,"href":"https:\/\/migracao.redenoticia.com.br\/noticia\/wp-json\/wp\/v2\/posts\/82165\/revisions"}],"wp:featuredmedia":[{"embeddable":true,"href":"https:\/\/migracao.redenoticia.com.br\/noticia\/wp-json\/wp\/v2\/media\/82169"}],"wp:attachment":[{"href":"https:\/\/migracao.redenoticia.com.br\/noticia\/wp-json\/wp\/v2\/media?parent=82165"}],"wp:term":[{"taxonomy":"category","embeddable":true,"href":"https:\/\/migracao.redenoticia.com.br\/noticia\/wp-json\/wp\/v2\/categories?post=82165"},{"taxonomy":"post_tag","embeddable":true,"href":"https:\/\/migracao.redenoticia.com.br\/noticia\/wp-json\/wp\/v2\/tags?post=82165"}],"curies":[{"name":"wp","href":"https:\/\/api.w.org\/{rel}","templated":true}]}}