{"id":82171,"date":"2016-03-10T17:21:59","date_gmt":"2016-03-10T20:21:59","guid":{"rendered":"http:\/\/www.redenoticia.com.br\/noticia\/?p=82171"},"modified":"2016-03-10T17:22:28","modified_gmt":"2016-03-10T20:22:28","slug":"novela-totalmente-demais-resumo-1203-carolina-tenta-desclassificar-eliza","status":"publish","type":"post","link":"https:\/\/migracao.redenoticia.com.br\/noticia\/2016\/novela-totalmente-demais-resumo-1203-carolina-tenta-desclassificar-eliza\/82171","title":{"rendered":"Novela \u201cTotalmente Demais\u201d resumo 12\/03: Carolina tenta desclassificar Eliza"},"content":{"rendered":"<p><strong><em><img loading=\"lazy\" decoding=\"async\" class=\"alignleft size-thumbnail wp-image-76581\" src=\"https:\/\/migracao.redenoticia.com.br\/noticia\/imagens\/totalmente_demais_novela_resumo_globo-150x112.jpg\" alt=\"totalmente_demais_novela_resumo_globo\" width=\"150\" height=\"112\" srcset=\"https:\/\/migracao.redenoticia.com.br\/noticia\/imagens\/totalmente_demais_novela_resumo_globo-150x112.jpg 150w, https:\/\/migracao.redenoticia.com.br\/noticia\/imagens\/totalmente_demais_novela_resumo_globo-265x198.jpg 265w\" sizes=\"auto, (max-width: 150px) 100vw, 150px\" \/>Novela \u201cTotalmente Demais\u201d resumo 12\/03<\/em><\/strong>: Carolina v\u00ea em paternidade a \u00faltima oportunidade de desclassificar Eliza do concurso. No capitulo 108, s\u00e1bado, 12 de mar\u00e7o, est\u00e1 prevista uma cena (*) onde Carolina conversa com Pietro e confidencia que Eliza pode ser filha de Germano. Se isso realmente for verdade, ela tem a \u00faltima chance de tirar Eliza do concurso, e assim, vencer a aposta que fez com Arthur. No pr\u00f3ximo cap\u00edtulo, Z\u00e9 Pedro acaba com a esperan\u00e7a de Carolina. Ele diz que nenhuma cl\u00e1usula no contrato do concurso diz que a vencedora n\u00e3o pode ser parente do patrocinador.<\/p>\n<p>No capitulo 108, novela \u201cTotalmente Demais\u201d, s\u00e1bado, 12 de mar\u00e7o &#8211; Pe\u00e7anha avisa a Duarte que eles dever\u00e3o aguardar Eliza ganhar o concurso para ent\u00e3o mandar prend\u00ea-la.<\/p>\n<p>Eliza admira a voz de Jonatas, que canta em um karaok\u00ea. Jeniffer se preocupa quando Cascudo diz que usar\u00e1 o dinheiro da bolsa de esportes para se livrar do tio.<\/p>\n<p>Carolina programa um jantar entre Germano e as finalistas do concurso, e Arthur desconfia. Carolina confidencia a Pietro que, se Eliza for filha de Germano, ter\u00e1 sua \u00faltima chance de desclassificar a modelo de Arthur do concurso.<\/p>\n<p>(*) edi\u00e7\u00e3o da Rede Globo, Novela \u201cTotalmente Demais\u201d, sujeito a altera\u00e7\u00e3o de data e conte\u00fado.<\/p>\n","protected":false},"excerpt":{"rendered":"<p>Novela \u201cTotalmente Demais\u201d resumo 12\/03: Carolina v\u00ea em paternidade a \u00faltima oportunidade de desclassificar Eliza do concurso. No capitulo 108, s\u00e1bado, 12 de mar\u00e7o, est\u00e1 prevista uma cena (*) onde Carolina conversa com Pietro e confidencia que Eliza pode ser filha de Germano. Se isso realmente for verdade, ela tem a \u00faltima chance de tirar [&hellip;]<\/p>\n","protected":false},"author":2,"featured_media":76581,"comment_status":"open","ping_status":"closed","sticky":false,"template":"","format":"standard","meta":{"tdm_status":"","tdm_grid_status":"","footnotes":""},"categories":[379,375,343],"tags":[],"class_list":{"0":"post-82171","1":"post","2":"type-post","3":"status-publish","4":"format-standard","5":"has-post-thumbnail","7":"category-novelas","8":"category-rede-globo","9":"category-televisao"},"_links":{"self":[{"href":"https:\/\/migracao.redenoticia.com.br\/noticia\/wp-json\/wp\/v2\/posts\/82171","targetHints":{"allow":["GET"]}}],"collection":[{"href":"https:\/\/migracao.redenoticia.com.br\/noticia\/wp-json\/wp\/v2\/posts"}],"about":[{"href":"https:\/\/migracao.redenoticia.com.br\/noticia\/wp-json\/wp\/v2\/types\/post"}],"author":[{"embeddable":true,"href":"https:\/\/migracao.redenoticia.com.br\/noticia\/wp-json\/wp\/v2\/users\/2"}],"replies":[{"embeddable":true,"href":"https:\/\/migracao.redenoticia.com.br\/noticia\/wp-json\/wp\/v2\/comments?post=82171"}],"version-history":[{"count":0,"href":"https:\/\/migracao.redenoticia.com.br\/noticia\/wp-json\/wp\/v2\/posts\/82171\/revisions"}],"wp:featuredmedia":[{"embeddable":true,"href":"https:\/\/migracao.redenoticia.com.br\/noticia\/wp-json\/wp\/v2\/media\/76581"}],"wp:attachment":[{"href":"https:\/\/migracao.redenoticia.com.br\/noticia\/wp-json\/wp\/v2\/media?parent=82171"}],"wp:term":[{"taxonomy":"category","embeddable":true,"href":"https:\/\/migracao.redenoticia.com.br\/noticia\/wp-json\/wp\/v2\/categories?post=82171"},{"taxonomy":"post_tag","embeddable":true,"href":"https:\/\/migracao.redenoticia.com.br\/noticia\/wp-json\/wp\/v2\/tags?post=82171"}],"curies":[{"name":"wp","href":"https:\/\/api.w.org\/{rel}","templated":true}]}}