{"id":82177,"date":"2016-03-11T10:02:10","date_gmt":"2016-03-11T13:02:10","guid":{"rendered":"http:\/\/www.redenoticia.com.br\/noticia\/?p=82177"},"modified":"2016-03-10T18:16:34","modified_gmt":"2016-03-10T21:16:34","slug":"instituto-de-fisica-da-usp-sediara-12o-international-masterclasses","status":"publish","type":"post","link":"https:\/\/migracao.redenoticia.com.br\/noticia\/2016\/instituto-de-fisica-da-usp-sediara-12o-international-masterclasses\/82177","title":{"rendered":"Instituto de F\u00edsica da USP sediar\u00e1 12\u00ba International Masterclasses"},"content":{"rendered":"<p> Ag\u00eancia FAPESP \u2013 O Instituto de F\u00edsica da Universidade de S\u00e3o Paulo (IFUSP) sediar\u00e1, nos dias 17 e 18 de mar\u00e7o, uma das edi\u00e7\u00f5es brasileiras do 12\u00ba <strong><em>International Masterclasses<\/em><\/strong>. Promovida em colabora\u00e7\u00e3o com a Organiza\u00e7\u00e3o Europeia para Pesquisa Nuclear (CERN), na Su\u00ed\u00e7a, a iniciativa tem como objetivo aproximar alunos do ensino m\u00e9dio e dos cursos de licenciatura em F\u00edsica do cotidiano dos cientistas que atuam nesse importante laborat\u00f3rio internacional.<\/p>\n<p>Durante o evento, com dura\u00e7\u00e3o de dois dias, os alunos ter\u00e3o a oportunidade de aprender alguns conceitos fundamentais da F\u00edsica Nuclear e de Part\u00edculas Elementares, disciplinas que estudam a constitui\u00e7\u00e3o mais elementar da mat\u00e9ria.<\/p>\n<p>Eles poder\u00e3o tamb\u00e9m visitar as depend\u00eancias do Laborat\u00f3rio Aberto de F\u00edsica Nuclear do IFUSP e analisar dados reais do experimento Alice (A Large Ion Collider Experiment) do acelerador LHC \u2013 o Grande Colisor de H\u00e1rdrons \u2013, utilizando um software fornecido pelo pr\u00f3prio CERN. Leia mais sobre o Alice em .<\/p>\n<p>Os alunos participar\u00e3o ainda de uma videoconfer\u00eancia global, na qual estudantes de diferentes pa\u00edses apresentar\u00e3o os resultados da an\u00e1lise realizada.<\/p>\n<p>O Programa Masterclasses Hands on Particles Physics \u00e9 organizado pela Dresden University of Technology (TU-Dresden), na Alemanha, e pelo University of Notre Dame QuarkNet Center, no \u00e2mbito do Grupo Internacional de F\u00edsica de Part\u00edculas Outreach (IPPOG). Tem o apoio t\u00e9cnico do CERN e do Fermilab e apoio financeiro do CERN, do European Physical Society Conference on High Energy Physics (EPS-HEP), da Divis\u00e3o de F\u00edsica da Sociedade Europeia de F\u00edsica, da TU- Dresden, da National Science Foundation (NSF) e do Departamento de Energia do Estados Unidos.<\/p>\n<p>O programa mobiliza, anualmente, mais de 10 mil estudantes do ensino m\u00e9dio em 47 pa\u00edses em visita a cerca de 200 universidades e centros de pesquisa.<\/p>\n<p>Para mais informa\u00e7\u00f5es acesse a p\u00e1gina do Grupo de \u00cdons Pesados Relativ\u00edsticos (GRIPER) do IFUSP no endere\u00e7o.<\/p>\n","protected":false},"excerpt":{"rendered":"<p>Ag\u00eancia FAPESP \u2013 O Instituto de F\u00edsica da Universidade de S\u00e3o Paulo (IFUSP) sediar\u00e1, nos dias 17 e 18 de mar\u00e7o, uma das edi\u00e7\u00f5es brasileiras do 12\u00ba International Masterclasses. Promovida em colabora\u00e7\u00e3o com a Organiza\u00e7\u00e3o Europeia para Pesquisa Nuclear (CERN), na Su\u00ed\u00e7a, a iniciativa tem como objetivo aproximar alunos do ensino m\u00e9dio e dos cursos [&hellip;]<\/p>\n","protected":false},"author":2,"featured_media":57578,"comment_status":"open","ping_status":"closed","sticky":false,"template":"","format":"standard","meta":{"tdm_status":"","tdm_grid_status":"","footnotes":""},"categories":[22],"tags":[],"class_list":{"0":"post-82177","1":"post","2":"type-post","3":"status-publish","4":"format-standard","5":"has-post-thumbnail","7":"category-brasil"},"_links":{"self":[{"href":"https:\/\/migracao.redenoticia.com.br\/noticia\/wp-json\/wp\/v2\/posts\/82177","targetHints":{"allow":["GET"]}}],"collection":[{"href":"https:\/\/migracao.redenoticia.com.br\/noticia\/wp-json\/wp\/v2\/posts"}],"about":[{"href":"https:\/\/migracao.redenoticia.com.br\/noticia\/wp-json\/wp\/v2\/types\/post"}],"author":[{"embeddable":true,"href":"https:\/\/migracao.redenoticia.com.br\/noticia\/wp-json\/wp\/v2\/users\/2"}],"replies":[{"embeddable":true,"href":"https:\/\/migracao.redenoticia.com.br\/noticia\/wp-json\/wp\/v2\/comments?post=82177"}],"version-history":[{"count":0,"href":"https:\/\/migracao.redenoticia.com.br\/noticia\/wp-json\/wp\/v2\/posts\/82177\/revisions"}],"wp:featuredmedia":[{"embeddable":true,"href":"https:\/\/migracao.redenoticia.com.br\/noticia\/wp-json\/wp\/v2\/media\/57578"}],"wp:attachment":[{"href":"https:\/\/migracao.redenoticia.com.br\/noticia\/wp-json\/wp\/v2\/media?parent=82177"}],"wp:term":[{"taxonomy":"category","embeddable":true,"href":"https:\/\/migracao.redenoticia.com.br\/noticia\/wp-json\/wp\/v2\/categories?post=82177"},{"taxonomy":"post_tag","embeddable":true,"href":"https:\/\/migracao.redenoticia.com.br\/noticia\/wp-json\/wp\/v2\/tags?post=82177"}],"curies":[{"name":"wp","href":"https:\/\/api.w.org\/{rel}","templated":true}]}}