{"id":82186,"date":"2016-03-11T10:20:45","date_gmt":"2016-03-11T13:20:45","guid":{"rendered":"http:\/\/www.redenoticia.com.br\/noticia\/?p=82186"},"modified":"2016-03-10T18:24:12","modified_gmt":"2016-03-10T21:24:12","slug":"sobe-para-5-660-numero-de-notificacoes-de-gestantes-com-exantema-no-rio","status":"publish","type":"post","link":"https:\/\/migracao.redenoticia.com.br\/noticia\/2016\/sobe-para-5-660-numero-de-notificacoes-de-gestantes-com-exantema-no-rio\/82186","title":{"rendered":"Sobe para 5.660 n\u00famero de notifica\u00e7\u00f5es de gestantes com exantema, no Rio"},"content":{"rendered":"<p> Desde o dia 18 de novembro de 2015, quando a notifica\u00e7\u00e3o de gestantes com <strong><em>exantema<\/em><\/strong> (manchas vermelhas na pele) se tornou obrigat\u00f3ria no Rio de Janeiro, foram notificados 5.660 casos no estado, de acordo com o Boletim Epidemiol\u00f3gico, divulgado pela Superintend\u00eancia de Vigil\u00e2ncia Epidemiol\u00f3gica da Secretaria de Estado de Sa\u00fade. No boletim anterior, que abrangia o per\u00edodo de 18 de novembro do ano passado at\u00e9 o \u00faltimo dia 3, o n\u00famero de gestantes com s\u00edndrome exantem\u00e1tica alcan\u00e7ou 5.219 casos. O maior n\u00famero de casos foi registrado na nona semana (469).<\/p>\n<p>Do total das notifica\u00e7\u00f5es de mulheres gr\u00e1vidas com exantema, houve confirma\u00e7\u00e3o do v\u00edrus Zika em 235 casos. A secretaria advertiu, entretanto, que ainda n\u00e3o h\u00e1 confirma\u00e7\u00e3o de malforma\u00e7\u00e3o de fetos nesses casos. O boletim destaca que \u201co resultado positivo para Zika v\u00edrus n\u00e3o configura a exist\u00eancia de microcefalia\u201d. Todas as gestantes ser\u00e3o monitoradas at\u00e9 o final da gesta\u00e7\u00e3o, acrescenta o documento.<\/p>\n<p>O boletim informa tamb\u00e9m que, entre os dias 1\u00ba de janeiro de 2015 e 5 de mar\u00e7o deste ano, foram confirmados por crit\u00e9rios cl\u00ednico-radiol\u00f3gicos dois casos de microcefalia associados a infec\u00e7\u00f5es cong\u00eanitas no estado do Rio de Janeiro. Outros 289 casos de microcefalia notificados se encontram em investiga\u00e7\u00e3o para defini\u00e7\u00e3o das causas. Desses, 231 s\u00e3o de beb\u00eas j\u00e1 nascidos e outros 52 se referem ao per\u00edodo intrauterino. N\u00e3o h\u00e1 informa\u00e7\u00e3o em seis casos. Do totalidade de casos investigados, 98 mulheres apresentaram manchas vermelhas pelo corpo durante a gravidez.<\/p>\n<p>A assessoria de imprensa da Secretaria de Estado de Sa\u00fade informou que os n\u00fameros s\u00e3o consolidados ap\u00f3s cruzamento de informa\u00e7\u00f5es do Sistema de Informa\u00e7\u00f5es sobre Nascidos Vivos (Sinasc) e do Relat\u00f3rio de Emerg\u00eancia em Sa\u00fade P\u00fablica (Resp), ambos do Minist\u00e9rio da Sa\u00fade.<\/p>\n<p>Guillain-Barr\u00e9<\/p>\n<p>O boletim esclarece ainda que para estabelecer poss\u00edvel correla\u00e7\u00e3o entre o v\u00edrus Zika e a S\u00edndrome de Guillain-Barr\u00e9 (SGB), a secretaria determinou o monitoramento de casos de complica\u00e7\u00e3o neurol\u00f3gica p\u00f3s infec\u00e7\u00e3o por esse v\u00edrus. Desde julho do ano passado, foram notificados 50 casos de SGB no estado, dos quais 21 t\u00eam relato de manchas vermelhas na pele, considerado o principal sintoma da infec\u00e7\u00e3o pelo v\u00edrus Zika, e continuam em investiga\u00e7\u00e3o. Outros 17 casos aguardam resultados de exames laboratoriais e nove casos s\u00e3o compat\u00edveis com infec\u00e7\u00e3o pelo v\u00edrus Zika. De acordo com a secretaria, outros tr\u00eas casos foram descartados por n\u00e3o mostrarem quadro cl\u00ednico compat\u00edvel.<\/p>\n<p>A SGB \u00e9 uma doen\u00e7a neurol\u00f3gica. Seu principal sintoma \u00e9 a fraqueza muscular generalizada que, em casos mais graves, pode causar paralisia da musculatura respirat\u00f3ria. A doen\u00e7a foi relacionada \u00e0 infec\u00e7\u00e3o pelo v\u00edrus Zika depois da epidemia ocorrida na Polin\u00e9sia Francesa, onde o n\u00famero de casos de SGB aumentou cerca de 20 vezes. No estado do Rio de Janeiro, a notifica\u00e7\u00e3o se tornou obrigat\u00f3ria desde julho do ano passado.<\/p>\n<p>A notifica\u00e7\u00e3o de gestantes com exantema, em qualquer fase da gesta\u00e7\u00e3o, deve ser feita por profissionais de sa\u00fade no prazo de at\u00e9 24 horas ap\u00f3s a identifica\u00e7\u00e3o do problema. Para isso, a secretaria disponibiliza o e-mail notifica@saude.rj.gov.br, al\u00e9m de formul\u00e1rio espec\u00edfico no endere\u00e7o eletr\u00f4nico  ou pelos telefones (21) 2333-3993, (21) 2333-3996, (21) 98596-6553.<\/p>\n<p>Alana Gandra \u2013 Rep\u00f3rter da Ag\u00eancia Brasil<br \/>\nEdi\u00e7\u00e3o: Denise Griesinger<br \/>\n11\/03\/2016<\/p>\n","protected":false},"excerpt":{"rendered":"<p>Desde o dia 18 de novembro de 2015, quando a notifica\u00e7\u00e3o de gestantes com exantema (manchas vermelhas na pele) se tornou obrigat\u00f3ria no Rio de Janeiro, foram notificados 5.660 casos no estado, de acordo com o Boletim Epidemiol\u00f3gico, divulgado pela Superintend\u00eancia de Vigil\u00e2ncia Epidemiol\u00f3gica da Secretaria de Estado de Sa\u00fade. No boletim anterior, que abrangia [&hellip;]<\/p>\n","protected":false},"author":2,"featured_media":57579,"comment_status":"open","ping_status":"closed","sticky":false,"template":"","format":"standard","meta":{"tdm_status":"","tdm_grid_status":"","footnotes":""},"categories":[22,5],"tags":[],"class_list":{"0":"post-82186","1":"post","2":"type-post","3":"status-publish","4":"format-standard","5":"has-post-thumbnail","7":"category-brasil","8":"category-saude-e-vida"},"_links":{"self":[{"href":"https:\/\/migracao.redenoticia.com.br\/noticia\/wp-json\/wp\/v2\/posts\/82186","targetHints":{"allow":["GET"]}}],"collection":[{"href":"https:\/\/migracao.redenoticia.com.br\/noticia\/wp-json\/wp\/v2\/posts"}],"about":[{"href":"https:\/\/migracao.redenoticia.com.br\/noticia\/wp-json\/wp\/v2\/types\/post"}],"author":[{"embeddable":true,"href":"https:\/\/migracao.redenoticia.com.br\/noticia\/wp-json\/wp\/v2\/users\/2"}],"replies":[{"embeddable":true,"href":"https:\/\/migracao.redenoticia.com.br\/noticia\/wp-json\/wp\/v2\/comments?post=82186"}],"version-history":[{"count":0,"href":"https:\/\/migracao.redenoticia.com.br\/noticia\/wp-json\/wp\/v2\/posts\/82186\/revisions"}],"wp:featuredmedia":[{"embeddable":true,"href":"https:\/\/migracao.redenoticia.com.br\/noticia\/wp-json\/wp\/v2\/media\/57579"}],"wp:attachment":[{"href":"https:\/\/migracao.redenoticia.com.br\/noticia\/wp-json\/wp\/v2\/media?parent=82186"}],"wp:term":[{"taxonomy":"category","embeddable":true,"href":"https:\/\/migracao.redenoticia.com.br\/noticia\/wp-json\/wp\/v2\/categories?post=82186"},{"taxonomy":"post_tag","embeddable":true,"href":"https:\/\/migracao.redenoticia.com.br\/noticia\/wp-json\/wp\/v2\/tags?post=82186"}],"curies":[{"name":"wp","href":"https:\/\/api.w.org\/{rel}","templated":true}]}}