{"id":82209,"date":"2016-03-13T18:57:17","date_gmt":"2016-03-13T21:57:17","guid":{"rendered":"http:\/\/www.redenoticia.com.br\/noticia\/?p=82209"},"modified":"2018-08-13T10:40:32","modified_gmt":"2018-08-13T13:40:32","slug":"bbb-16-enquete-quem-munik-deve-indicar-para-o-paredao-2","status":"publish","type":"post","link":"https:\/\/migracao.redenoticia.com.br\/noticia\/2016\/bbb-16-enquete-quem-munik-deve-indicar-para-o-paredao-2\/82209","title":{"rendered":"\u201cBBB\u201d 16 resultado enquete: quem Munik deve indicar para o pared\u00e3o"},"content":{"rendered":"<p><img loading=\"lazy\" decoding=\"async\" class=\"alignleft size-thumbnail wp-image-64481\" src=\"https:\/\/migracao.redenoticia.com.br\/noticia\/imagens\/bbb_noticia_globo-150x112.jpg\" alt=\"bbb_noticia_globo\" width=\"150\" height=\"112\" srcset=\"https:\/\/migracao.redenoticia.com.br\/noticia\/imagens\/bbb_noticia_globo-150x112.jpg 150w, https:\/\/migracao.redenoticia.com.br\/noticia\/imagens\/bbb_noticia_globo-265x198.jpg 265w\" sizes=\"auto, (max-width: 150px) 100vw, 150px\" \/><strong><em>&#8220;BBB&#8221; 16<\/em><\/strong>\u00a0Prova do L\u00edder 10\/03: no programa ao vivo, Renan n\u00e3o ganhou o poder de veto para eliminar os concorrentes da prova do L\u00edder. Os brothers participaram de um jogo de perguntas e respostas sobre transmiss\u00f5es importantes da hist\u00f3ria e da emissora. Munik venceu a prova e assumiu a lideran\u00e7a. Participe da enquete &#8220;BBB&#8221;16: quem Munik deve indicar para o pared\u00e3o.<\/p>\n<p>\u201cBBB\u201d 16: quem Munik deve indicar para o pared\u00e3o (Enquete Fechada)<br \/>\nRenan 47,95% (1.285 votos);<br \/>\nGeralda 18,81% (504 votos);<br \/>\nRonan 13,28% (356 votos);<br \/>\nMatheus 11,98% (321 votos);<br \/>\nMaria Claudia 7,98% (214 votos);<br \/>\nTotal de Votos &#8211; 2.680.<\/p>\n<p>Not\u00edcias relacionadas:<br \/>\n\u201cBBB\u201d 16:<br \/>\n&#8220;BBB&#8221; 16:<br \/>\n\u201cBBB\u201d 16:<br \/>\n\u201cBBB\u201d 16:<br \/>\n&#8212;<\/p>\n<p>Concorrentes: Maria Claudia (youtuber de Santa Cruz, Rio Grande do Norte, 19 anos); Munik (estudante, goiana de 19 anos); Renan (modelo, nascido em Amparo, interior de S\u00e3o Paulo, tem 29 anos); Ronan (estudante de filosofia em Curitiba, 27 anos); Geralda (63 anos, professora aposentada de Minas Gerais); Matheus (25 anos, Engenheiro de Minas).<\/p>\n<p>Fonte e imagem &#8220;BBB&#8221; 16 Rede Globo<\/p>\n","protected":false},"excerpt":{"rendered":"<p>&#8220;BBB&#8221; 16\u00a0Prova do L\u00edder 10\/03: no programa ao vivo, Renan n\u00e3o ganhou o poder de veto para eliminar os concorrentes da prova do L\u00edder. Os brothers participaram de um jogo de perguntas e respostas sobre transmiss\u00f5es importantes da hist\u00f3ria e da emissora. Munik venceu a prova e assumiu a lideran\u00e7a. Participe da enquete &#8220;BBB&#8221;16: quem [&hellip;]<\/p>\n","protected":false},"author":2,"featured_media":64481,"comment_status":"open","ping_status":"closed","sticky":false,"template":"","format":"standard","meta":{"tdm_status":"","tdm_grid_status":"","footnotes":""},"categories":[520,375,343],"tags":[],"class_list":{"0":"post-82209","1":"post","2":"type-post","3":"status-publish","4":"format-standard","5":"has-post-thumbnail","7":"category-big-brother-brasil","8":"category-rede-globo","9":"category-televisao"},"_links":{"self":[{"href":"https:\/\/migracao.redenoticia.com.br\/noticia\/wp-json\/wp\/v2\/posts\/82209","targetHints":{"allow":["GET"]}}],"collection":[{"href":"https:\/\/migracao.redenoticia.com.br\/noticia\/wp-json\/wp\/v2\/posts"}],"about":[{"href":"https:\/\/migracao.redenoticia.com.br\/noticia\/wp-json\/wp\/v2\/types\/post"}],"author":[{"embeddable":true,"href":"https:\/\/migracao.redenoticia.com.br\/noticia\/wp-json\/wp\/v2\/users\/2"}],"replies":[{"embeddable":true,"href":"https:\/\/migracao.redenoticia.com.br\/noticia\/wp-json\/wp\/v2\/comments?post=82209"}],"version-history":[{"count":0,"href":"https:\/\/migracao.redenoticia.com.br\/noticia\/wp-json\/wp\/v2\/posts\/82209\/revisions"}],"wp:featuredmedia":[{"embeddable":true,"href":"https:\/\/migracao.redenoticia.com.br\/noticia\/wp-json\/wp\/v2\/media\/64481"}],"wp:attachment":[{"href":"https:\/\/migracao.redenoticia.com.br\/noticia\/wp-json\/wp\/v2\/media?parent=82209"}],"wp:term":[{"taxonomy":"category","embeddable":true,"href":"https:\/\/migracao.redenoticia.com.br\/noticia\/wp-json\/wp\/v2\/categories?post=82209"},{"taxonomy":"post_tag","embeddable":true,"href":"https:\/\/migracao.redenoticia.com.br\/noticia\/wp-json\/wp\/v2\/tags?post=82209"}],"curies":[{"name":"wp","href":"https:\/\/api.w.org\/{rel}","templated":true}]}}