{"id":82217,"date":"2016-03-11T17:21:36","date_gmt":"2016-03-11T20:21:36","guid":{"rendered":"http:\/\/www.redenoticia.com.br\/noticia\/?p=82217"},"modified":"2016-03-11T21:01:48","modified_gmt":"2016-03-12T00:01:48","slug":"novela-velho-chico-resumo-1403-jacinto-lanca-afranio-na-politica","status":"publish","type":"post","link":"https:\/\/migracao.redenoticia.com.br\/noticia\/2016\/novela-velho-chico-resumo-1403-jacinto-lanca-afranio-na-politica\/82217","title":{"rendered":"Novela \u201cVelho Chico\u201d resumo 14\/03: Jacinto lan\u00e7a Afr\u00e2nio na pol\u00edtica"},"content":{"rendered":"<p><img loading=\"lazy\" decoding=\"async\" class=\"alignleft wp-image-82169 size-medium\" src=\"https:\/\/migracao.redenoticia.com.br\/noticia\/imagens\/velho_chico_novela_resumo_globo-187x187.jpg\" alt=\"velho_chico_novela_resumo_globo\" width=\"187\" height=\"187\" srcset=\"https:\/\/migracao.redenoticia.com.br\/noticia\/imagens\/velho_chico_novela_resumo_globo-187x187.jpg 187w, https:\/\/migracao.redenoticia.com.br\/noticia\/imagens\/velho_chico_novela_resumo_globo.jpg 300w, https:\/\/migracao.redenoticia.com.br\/noticia\/imagens\/velho_chico_novela_resumo_globo-150x150.jpg 150w, https:\/\/migracao.redenoticia.com.br\/noticia\/imagens\/velho_chico_novela_resumo_globo-110x110.jpg 110w, https:\/\/migracao.redenoticia.com.br\/noticia\/imagens\/velho_chico_novela_resumo_globo-50x50.jpg 50w\" sizes=\"auto, (max-width: 187px) 100vw, 187px\" \/><strong><em>Novela \u201cVelho Chico\u201d resumo 14\/03<\/em><\/strong>: Jacinto \u00e9 casado com Encarna\u00e7\u00e3o. Ela sempre alimentou a amargura &#8211; marcada pela morte tr\u00e1gica do primog\u00eanito. O desastre fez com que o \u00fanico herdeiro dos S\u00e1 Ribeiro fosse Afr\u00e2nio. O jovem saiu da cidade para estudar Direito em Salvador, mas nunca deixou de viver \u00e0s custas da riqu\u00edssima fam\u00edlia. No capitulo 001, segunda-feira, 14 de mar\u00e7o, est\u00e1 prevista uma cena (*) onde Coronel Jacinto pede que Padre Rom\u00e3o anuncie ao povo a candidatura de Afr\u00e2nio a deputado. Encarna\u00e7\u00e3o n\u00e3o aprova o ingresso do filho na pol\u00edtica.<\/p>\n<p>No capitulo 001, novela \u201cVelho Chico\u201d, segunda-feira, 14 de mar\u00e7o &#8211; Eug\u00eanio conta a Martim a hist\u00f3ria do Velho Chico. Coronel Jacinto pede que Padre Rom\u00e3o anuncie ao povo a candidatura de Afr\u00e2nio a deputado ap\u00f3s a missa paroquial.<\/p>\n<p>Capit\u00e3o Rosa acusa Jacinto de roubar o povo, e Padre Rom\u00e3o aparta a briga entre os dois. Eul\u00e1lia teme o confronto de Rosa e Jacinto, mas Encarna\u00e7\u00e3o incentiva o marido a enfrentar o capit\u00e3o.<\/p>\n<p>Piedade e Belmiro lamentam a seca no sert\u00e3o. Encarna\u00e7\u00e3o n\u00e3o aprova o ingresso de Afr\u00e2nio na pol\u00edtica. Jacinto e Floriano selam um acordo contra o Capit\u00e3o Rosa.<\/p>\n<p>(*) edi\u00e7\u00e3o da Rede Globo, Novela \u201cVelho Chico\u201d, sujeito a altera\u00e7\u00e3o de data e conte\u00fado.<\/p>\n","protected":false},"excerpt":{"rendered":"<p>Novela \u201cVelho Chico\u201d resumo 14\/03: Jacinto \u00e9 casado com Encarna\u00e7\u00e3o. Ela sempre alimentou a amargura &#8211; marcada pela morte tr\u00e1gica do primog\u00eanito. O desastre fez com que o \u00fanico herdeiro dos S\u00e1 Ribeiro fosse Afr\u00e2nio. O jovem saiu da cidade para estudar Direito em Salvador, mas nunca deixou de viver \u00e0s custas da riqu\u00edssima fam\u00edlia. [&hellip;]<\/p>\n","protected":false},"author":2,"featured_media":82169,"comment_status":"open","ping_status":"closed","sticky":false,"template":"","format":"standard","meta":{"tdm_status":"","tdm_grid_status":"","footnotes":""},"categories":[379,375,343],"tags":[],"class_list":{"0":"post-82217","1":"post","2":"type-post","3":"status-publish","4":"format-standard","5":"has-post-thumbnail","7":"category-novelas","8":"category-rede-globo","9":"category-televisao"},"_links":{"self":[{"href":"https:\/\/migracao.redenoticia.com.br\/noticia\/wp-json\/wp\/v2\/posts\/82217","targetHints":{"allow":["GET"]}}],"collection":[{"href":"https:\/\/migracao.redenoticia.com.br\/noticia\/wp-json\/wp\/v2\/posts"}],"about":[{"href":"https:\/\/migracao.redenoticia.com.br\/noticia\/wp-json\/wp\/v2\/types\/post"}],"author":[{"embeddable":true,"href":"https:\/\/migracao.redenoticia.com.br\/noticia\/wp-json\/wp\/v2\/users\/2"}],"replies":[{"embeddable":true,"href":"https:\/\/migracao.redenoticia.com.br\/noticia\/wp-json\/wp\/v2\/comments?post=82217"}],"version-history":[{"count":0,"href":"https:\/\/migracao.redenoticia.com.br\/noticia\/wp-json\/wp\/v2\/posts\/82217\/revisions"}],"wp:featuredmedia":[{"embeddable":true,"href":"https:\/\/migracao.redenoticia.com.br\/noticia\/wp-json\/wp\/v2\/media\/82169"}],"wp:attachment":[{"href":"https:\/\/migracao.redenoticia.com.br\/noticia\/wp-json\/wp\/v2\/media?parent=82217"}],"wp:term":[{"taxonomy":"category","embeddable":true,"href":"https:\/\/migracao.redenoticia.com.br\/noticia\/wp-json\/wp\/v2\/categories?post=82217"},{"taxonomy":"post_tag","embeddable":true,"href":"https:\/\/migracao.redenoticia.com.br\/noticia\/wp-json\/wp\/v2\/tags?post=82217"}],"curies":[{"name":"wp","href":"https:\/\/api.w.org\/{rel}","templated":true}]}}