{"id":82238,"date":"2016-03-11T16:59:46","date_gmt":"2016-03-11T19:59:46","guid":{"rendered":"http:\/\/www.redenoticia.com.br\/noticia\/?p=82238"},"modified":"2016-03-11T16:59:46","modified_gmt":"2016-03-11T19:59:46","slug":"novela-cuidado-com-o-anjo-resumo-1403-ivete-sequestra-filho-de-malu","status":"publish","type":"post","link":"https:\/\/migracao.redenoticia.com.br\/noticia\/2016\/novela-cuidado-com-o-anjo-resumo-1403-ivete-sequestra-filho-de-malu\/82238","title":{"rendered":"Novela \u201cCuidado com o Anjo\u201d resumo 14\/03: Ivete sequestra filho de Malu"},"content":{"rendered":"<p> <img loading=\"lazy\" decoding=\"async\" class=\"alignleft size-thumbnail wp-image-82049\" src=\"https:\/\/migracao.redenoticia.com.br\/noticia\/imagens\/cuidado-com-o-anjo-novela-resumo-capitulo-sbt-episodio-150x112.jpg\" alt=\"cuidado com o anjo novela resumo capitulo sbt episodio\" width=\"150\" height=\"112\" srcset=\"https:\/\/migracao.redenoticia.com.br\/noticia\/imagens\/cuidado-com-o-anjo-novela-resumo-capitulo-sbt-episodio-150x112.jpg 150w, https:\/\/migracao.redenoticia.com.br\/noticia\/imagens\/cuidado-com-o-anjo-novela-resumo-capitulo-sbt-episodio-265x198.jpg 265w\" sizes=\"auto, (max-width: 150px) 100vw, 150px\" \/><strong><em>Novela \u201cCuidado com o Anjo\u201d resumo 14\/03<\/em><\/strong>: Ivete se apodera da personalidade de Branca e vai atr\u00e1s de Mal\u00fa. No cap\u00edtulo 076, segunda-feira, 14 de mar\u00e7o est\u00e1 prevista uma cena (*) onde Mal\u00fa chega em sua casa e encontra sua m\u00e3e Cec\u00edlia contando uma hist\u00f3ria para seu filho. No mesmo instante, Branca (com personalidade de Ivete) chega \u00e0 casa de Mal\u00fa e a ataca com uma adaga. Cec\u00edlia protege a filha e \u00e9 ferida. Branca tamb\u00e9m atinge Mal\u00fa, que perde a consci\u00eancia. Branca leva a crian\u00e7a. No pr\u00f3ximo cap\u00edtulo, Mal\u00fa socorre Cec\u00edlia e depois decide ir at\u00e9 a casa de Jo\u00e3o Miguel, onde encontra seu filho nos bra\u00e7os de Branca.<\/p>\n<p>No capitulo 076, novela \u201cCuidado com o Anjo\u201d, segunda-feira, 14 de mar\u00e7o &#8211; a exposi\u00e7\u00e3o foi um sucesso e Rosa e Vicente conseguem o dinheiro que precisam para pagar o casamento e a viagem de lua de mel. Leopardo vai at\u00e9 a exposi\u00e7\u00e3o para encontrar Mal\u00fa e ela conta que Branca est\u00e1 disposta a desistir de Jo\u00e3o Miguel se ela estiver interessada em uma reconcilia\u00e7\u00e3o. Leopardo pede a Mal\u00fa que se case com ele e diz que viver\u00e3o na capital. Candel\u00e1ria aconselha Mal\u00fa a lutar pelo amor de Jo\u00e3o Miguel.<\/p>\n<p>Jo\u00e3o Miguel diz a Eduardo que Branca ficar\u00e1 arrasada se ele a deixar. Branca confessa a Rosa que Ivete odeia Mal\u00fa e teme pelo que possa acontecer. Jo\u00e3o Miguel leva a filha para conhecer o irm\u00e3ozinho e diz a Mal\u00fa que n\u00e3o quer que seu filho tenha outro pai. Rosa pede a Jo\u00e3o Miguel que deixe Branca ir embora, pois est\u00e1 com um mau pressentimento. Cec\u00edlia fica feliz ao saber que Mal\u00fa ficar\u00e1 na capital.<\/p>\n<p>Ivete se apodera da personalidade de Branca e vai atr\u00e1s de Mal\u00fa. Mal\u00fa chega em casa e encontra Cec\u00edlia contando uma hist\u00f3ria para seu filho. Branca chega \u00e0 casa de Mal\u00fa e a ataca com uma adaga. Cec\u00edlia tenta proteger a filha e \u00e9 ferida. Branca consegue atingir Mal\u00fa, que perde a consci\u00eancia e ela aproveita para raptar a crian\u00e7a.<\/p>\n<p>(*) edi\u00e7\u00e3o do SBT, Novela \u201cCuidado com o Anjo\u201d, sujeito a altera\u00e7\u00e3o de data e conte\u00fado.<\/p>\n","protected":false},"excerpt":{"rendered":"<p>Novela \u201cCuidado com o Anjo\u201d resumo 14\/03: Ivete se apodera da personalidade de Branca e vai atr\u00e1s de Mal\u00fa. No cap\u00edtulo 076, segunda-feira, 14 de mar\u00e7o est\u00e1 prevista uma cena (*) onde Mal\u00fa chega em sua casa e encontra sua m\u00e3e Cec\u00edlia contando uma hist\u00f3ria para seu filho. No mesmo instante, Branca (com personalidade de [&hellip;]<\/p>\n","protected":false},"author":2,"featured_media":82049,"comment_status":"open","ping_status":"closed","sticky":false,"template":"","format":"standard","meta":{"tdm_status":"","tdm_grid_status":"","footnotes":""},"categories":[379,372,343],"tags":[],"class_list":{"0":"post-82238","1":"post","2":"type-post","3":"status-publish","4":"format-standard","5":"has-post-thumbnail","7":"category-novelas","8":"category-sbt","9":"category-televisao"},"_links":{"self":[{"href":"https:\/\/migracao.redenoticia.com.br\/noticia\/wp-json\/wp\/v2\/posts\/82238","targetHints":{"allow":["GET"]}}],"collection":[{"href":"https:\/\/migracao.redenoticia.com.br\/noticia\/wp-json\/wp\/v2\/posts"}],"about":[{"href":"https:\/\/migracao.redenoticia.com.br\/noticia\/wp-json\/wp\/v2\/types\/post"}],"author":[{"embeddable":true,"href":"https:\/\/migracao.redenoticia.com.br\/noticia\/wp-json\/wp\/v2\/users\/2"}],"replies":[{"embeddable":true,"href":"https:\/\/migracao.redenoticia.com.br\/noticia\/wp-json\/wp\/v2\/comments?post=82238"}],"version-history":[{"count":0,"href":"https:\/\/migracao.redenoticia.com.br\/noticia\/wp-json\/wp\/v2\/posts\/82238\/revisions"}],"wp:featuredmedia":[{"embeddable":true,"href":"https:\/\/migracao.redenoticia.com.br\/noticia\/wp-json\/wp\/v2\/media\/82049"}],"wp:attachment":[{"href":"https:\/\/migracao.redenoticia.com.br\/noticia\/wp-json\/wp\/v2\/media?parent=82238"}],"wp:term":[{"taxonomy":"category","embeddable":true,"href":"https:\/\/migracao.redenoticia.com.br\/noticia\/wp-json\/wp\/v2\/categories?post=82238"},{"taxonomy":"post_tag","embeddable":true,"href":"https:\/\/migracao.redenoticia.com.br\/noticia\/wp-json\/wp\/v2\/tags?post=82238"}],"curies":[{"name":"wp","href":"https:\/\/api.w.org\/{rel}","templated":true}]}}