{"id":82240,"date":"2016-03-11T17:01:23","date_gmt":"2016-03-11T20:01:23","guid":{"rendered":"http:\/\/www.redenoticia.com.br\/noticia\/?p=82240"},"modified":"2016-03-11T17:01:23","modified_gmt":"2016-03-11T20:01:23","slug":"novela-teresa-resumo-1403-rubens-adverte-arthur-sobre-carater-de-teresa","status":"publish","type":"post","link":"https:\/\/migracao.redenoticia.com.br\/noticia\/2016\/novela-teresa-resumo-1403-rubens-adverte-arthur-sobre-carater-de-teresa\/82240","title":{"rendered":"Novela \u201cTeresa\u201d resumo 14\/03: Rubens adverte Arthur sobre car\u00e1ter de Teresa"},"content":{"rendered":"<p> <img loading=\"lazy\" decoding=\"async\" class=\"alignleft size-thumbnail wp-image-82052\" src=\"https:\/\/migracao.redenoticia.com.br\/noticia\/imagens\/teresa_resumo_novela_sbt_capitulo-150x112.jpg\" alt=\"teresa_resumo_novela_sbt_capitulo\" width=\"150\" height=\"112\" srcset=\"https:\/\/migracao.redenoticia.com.br\/noticia\/imagens\/teresa_resumo_novela_sbt_capitulo-150x112.jpg 150w, https:\/\/migracao.redenoticia.com.br\/noticia\/imagens\/teresa_resumo_novela_sbt_capitulo-265x198.jpg 265w\" sizes=\"auto, (max-width: 150px) 100vw, 150px\" \/><strong><em>Novela \u201cTeresa\u201d resumo 14\/03<\/em><\/strong>: A\u00edda acusa Teresa de fraude. No cap\u00edtulo 116, segunda-feira, 14 de mar\u00e7o est\u00e1 prevista uma cena (*) onde A\u00edda fala a Teresa que j\u00e1 sabe que ela e Amador fizeram uma fraude nos neg\u00f3cios de sua m\u00e3e, e colocaram a culpa em seu pai. Ela diz que Teresa \u00e9 uma mulherzinha vulgar e, assim que gastar o \u00faltimo centavo de Arthur, vai troc\u00e1-lo por outro. Teresa grita que ningu\u00e9m pode com ela. Rubens adverte Arthur que Teresa \u00e9 a sua perdi\u00e7\u00e3o. No pr\u00f3ximo cap\u00edtulo, Genoveva tenta convencer Mayra a apoiar A\u00edda, porque Teresa n\u00e3o \u00e9 nem um pouco confi\u00e1vel.<\/p>\n<p>No capitulo 116, novela \u201cTeresa\u201d, segunda-feira, 14 de mar\u00e7o &#8211; Teresa, furiosa, diz que j\u00e1 n\u00e3o sabe o que fazer para provar a Arthur o seu amor, e que vai pedir que ele a leve para longe, ainda que sem dinheiro, para talvez assim salvar seu casamento. Lucia tenta fazer amizade com Teresa, mas ao sentir sua rejei\u00e7\u00e3o, apenas pergunta o que a preocupa. Teresa, sarc\u00e1stica, diz que n\u00e3o a preocupa nada. Teresa, furiosa, diz a Joana que se Arthur seguir da mesma forma que est\u00e1, vai acabar se divorciando, porque n\u00e3o quer perder tempo. Joana ent\u00e3o questiona Teresa se por acaso ela estaria pensando em voltar a procurar por Mariano. Teresa responde que procurar\u00e1 por um homem muito melhor que Mariano e tamb\u00e9m melhor que Arthur, por\u00e9m n\u00e3o teria tamb\u00e9m nada de mal se buscasse Mariano, pois segue o amando.<\/p>\n<p>Joana a diz que Mariano se apaixonou por Aurora. Heitor n\u00e3o est\u00e1 de acordo que Aurora aceite sair com Mariano, pois acredita que o rapaz ainda ame Teresa. Aurora responde que ainda decidir\u00e1 se aceita Mariano como namorado. Joana diz a Teresa que n\u00e3o vai se casar com Heitor porque o homem que ama \u00e9 Roberto. A\u00edda diz a Teresa que j\u00e1 sabe que ela e o contador fizeram uma fraude nos neg\u00f3cios de sua m\u00e3e, e colocaram a culpa em Rubens, e completa dizendo que Teresa \u00e9 uma mulherzinha vulgar, e certamente trocar\u00e1 de esposo assim que gaste o \u00faltimo centavo de Arthur. Teresa grita que ningu\u00e9m pode com ela. Rubens diz a Arthur que foi Teresa quem convenceu Amadeu a denunci\u00e1-lo, e adverte Arthur que se ele seguir confiando em Teresa, ser\u00e1 essa sua perdi\u00e7\u00e3o.<\/p>\n<p>Genoveva, A\u00edda e Rubens dizem a Arthur e Teresa que n\u00e3o importa perder milh\u00f5es quanto que o \u201cLua Turquesa\u201d n\u00e3o seja um bom neg\u00f3cio tamb\u00e9m para eles. Furiosa, Teresa diz a Arthur que a culpa \u00e9 dele por n\u00e3o ter vendido \u201cLua Turquesa\u201d \u00e1 Fernando quando ele tinha esse interesse. Joana diz a Heitor que n\u00e3o pode se casar com ele, pois ama a Roberto. Teresa pergunta a Fernando se ele estaria disposto a aceitar que fique a seu cargo seus assuntos legais. Fernando responde que n\u00e3o.<\/p>\n<p>(*) edi\u00e7\u00e3o do SBT, Novela \u201cTeresa\u201d, sujeito a altera\u00e7\u00e3o de data e conte\u00fado. <\/p>\n","protected":false},"excerpt":{"rendered":"<p>Novela \u201cTeresa\u201d resumo 14\/03: A\u00edda acusa Teresa de fraude. No cap\u00edtulo 116, segunda-feira, 14 de mar\u00e7o est\u00e1 prevista uma cena (*) onde A\u00edda fala a Teresa que j\u00e1 sabe que ela e Amador fizeram uma fraude nos neg\u00f3cios de sua m\u00e3e, e colocaram a culpa em seu pai. Ela diz que Teresa \u00e9 uma mulherzinha [&hellip;]<\/p>\n","protected":false},"author":2,"featured_media":82052,"comment_status":"open","ping_status":"closed","sticky":false,"template":"","format":"standard","meta":{"tdm_status":"","tdm_grid_status":"","footnotes":""},"categories":[379,372,343],"tags":[],"class_list":{"0":"post-82240","1":"post","2":"type-post","3":"status-publish","4":"format-standard","5":"has-post-thumbnail","7":"category-novelas","8":"category-sbt","9":"category-televisao"},"_links":{"self":[{"href":"https:\/\/migracao.redenoticia.com.br\/noticia\/wp-json\/wp\/v2\/posts\/82240","targetHints":{"allow":["GET"]}}],"collection":[{"href":"https:\/\/migracao.redenoticia.com.br\/noticia\/wp-json\/wp\/v2\/posts"}],"about":[{"href":"https:\/\/migracao.redenoticia.com.br\/noticia\/wp-json\/wp\/v2\/types\/post"}],"author":[{"embeddable":true,"href":"https:\/\/migracao.redenoticia.com.br\/noticia\/wp-json\/wp\/v2\/users\/2"}],"replies":[{"embeddable":true,"href":"https:\/\/migracao.redenoticia.com.br\/noticia\/wp-json\/wp\/v2\/comments?post=82240"}],"version-history":[{"count":0,"href":"https:\/\/migracao.redenoticia.com.br\/noticia\/wp-json\/wp\/v2\/posts\/82240\/revisions"}],"wp:featuredmedia":[{"embeddable":true,"href":"https:\/\/migracao.redenoticia.com.br\/noticia\/wp-json\/wp\/v2\/media\/82052"}],"wp:attachment":[{"href":"https:\/\/migracao.redenoticia.com.br\/noticia\/wp-json\/wp\/v2\/media?parent=82240"}],"wp:term":[{"taxonomy":"category","embeddable":true,"href":"https:\/\/migracao.redenoticia.com.br\/noticia\/wp-json\/wp\/v2\/categories?post=82240"},{"taxonomy":"post_tag","embeddable":true,"href":"https:\/\/migracao.redenoticia.com.br\/noticia\/wp-json\/wp\/v2\/tags?post=82240"}],"curies":[{"name":"wp","href":"https:\/\/api.w.org\/{rel}","templated":true}]}}