{"id":82242,"date":"2016-03-11T17:02:54","date_gmt":"2016-03-11T20:02:54","guid":{"rendered":"http:\/\/www.redenoticia.com.br\/noticia\/?p=82242"},"modified":"2016-03-11T17:02:54","modified_gmt":"2016-03-11T20:02:54","slug":"novela-meu-coracao-e-teu-resumo-1403-fernando-beija-ana","status":"publish","type":"post","link":"https:\/\/migracao.redenoticia.com.br\/noticia\/2016\/novela-meu-coracao-e-teu-resumo-1403-fernando-beija-ana\/82242","title":{"rendered":"Novela \u201cMeu Cora\u00e7\u00e3o \u00e9 Teu\u201d resumo 14\/03: Fernando beija Ana"},"content":{"rendered":"<p> <img loading=\"lazy\" decoding=\"async\" class=\"alignleft size-thumbnail wp-image-82119\" src=\"https:\/\/migracao.redenoticia.com.br\/noticia\/imagens\/meu_coracao_e_teu_novela_resumo_sbt-150x112.jpg\" alt=\"meu_coracao_e_teu_novela_resumo_sbt\" width=\"150\" height=\"112\" srcset=\"https:\/\/migracao.redenoticia.com.br\/noticia\/imagens\/meu_coracao_e_teu_novela_resumo_sbt-150x112.jpg 150w, https:\/\/migracao.redenoticia.com.br\/noticia\/imagens\/meu_coracao_e_teu_novela_resumo_sbt-265x198.jpg 265w\" sizes=\"auto, (max-width: 150px) 100vw, 150px\" \/><strong><em>Novela \u201cMeu Cora\u00e7\u00e3o \u00e9 Teu\u201d resumo 14\/03<\/em><\/strong>: Fernando bebe demais e beija Ana. No capitulo 011, segunda-feira, 14 de mar\u00e7o, est\u00e1 prevista uma cena (*) onde Fanny briga com seu pai, por ele ter preferido passar um final de semana com Isabela do que com seus filhos. Fanny faz sua mala e escreve uma carta para seu pai. Fernando fic triste e confessa a Ana que agiu mal. Ele exagera na bebida e pede a Ana que jamais o deixe. Eles se beijam. No pr\u00f3ximo cap\u00edtulo, Fernando diz a Ana que o que ocorreu entre eles no dia anterior foi um grande erro.<\/p>\n<p>No capitulo 011, novela \u201cMeu Cora\u00e7\u00e3o \u00e9 Teu\u201d, segunda-feira, 14 de mar\u00e7o &#8211; Isabela elogia Fernando por sua apresenta\u00e7\u00e3o. Fernando diz que eles voltaram a capital, pois est\u00e1 preocupado com seus filhos. Um professor comunica Nando que ele foi reprovado em uma prova. Ana leva Alicia para que ela coloque aparelho nos dentes. Jonnhy interpreta mal uma conversa entre Ana e Jennifer e acredita que Ana est\u00e1 gr\u00e1vida. Leon pede a Fanny que seja sua namorada. Ela diz que antes falar\u00e1 com seu pai. Fernando volta para a casa e se d\u00e1 conta que Fanny n\u00e3o est\u00e1. Fanny confessa a seu pai que \u00e9 namorada de Leon.<\/p>\n<p>Ele reclama com ela por sua m\u00e1 rela\u00e7\u00e3o com Isabela em frente a seus irm\u00e3os. As crian\u00e7as conhecem Leon. Fanny garante a Fernando que j\u00e1 n\u00e3o deseja estar com ele. Fernando vai atr\u00e1s de Fanny e pede que eles falem. Fanny reclama com seu pai por ele ter preferido ir passar um final de semana com Isabela do que com seus filhos. Ana tenta intervir, mas Fernando tira de Fanny as chaves de seu carro e tamb\u00e9m seu cart\u00e3o de cr\u00e9dito. Fernando fala com o quadro de Estef\u00e2nia, e reclama por ela n\u00e3o estar com seus filhos, quando eles mais precisam. Fanny faz sua mala e escreve uma carta para seu pai. Fernando confessa a Ana que agiu mal com Fanny, por\u00e9m a \u00fanica coisa que deseja \u00e9 que ela seja feliz e n\u00e3o se machuque. Fanny vai embora com Leon. Fernando exagera na bebida e pede a Ana que jamais o deixe. Eles se beijam.<\/p>\n<p>Anita lembra Ana que ela j\u00e1 n\u00e3o est\u00e1 apaixonada por Jonnhy, mas por Fernando. Fanny diz a seu pai, na carta, que foi embora e que ele apenas a busque quando esteja pronto para aceitar que ela n\u00e3o \u00e9 mais um beb\u00ea. Fernando liga para Leon, que garante que nada de mal ocorrer\u00e1 com Fanny enquanto ela estiver com ele. Isabela consegue o endere\u00e7o de Leon e Fernando vai at\u00e9 l\u00e1. Isabela est\u00e1 decidida a resolver o problema de Fernando com Fanny e assim ganhar seu agradecimento. Ana confronta Fernando e o diz que ele deve ser mais sens\u00edvel. Fernando age calmamente com Fanny, e Ana o diz que acaba de comprovar que ele tem um grande cora\u00e7\u00e3o.<\/p>\n<p>(*) edi\u00e7\u00e3o do SBT, Novela \u201cMeu Cora\u00e7\u00e3o \u00e9 Teu\u201d, sujeito a altera\u00e7\u00e3o de data e conte\u00fado. <\/p>\n","protected":false},"excerpt":{"rendered":"<p>Novela \u201cMeu Cora\u00e7\u00e3o \u00e9 Teu\u201d resumo 14\/03: Fernando bebe demais e beija Ana. No capitulo 011, segunda-feira, 14 de mar\u00e7o, est\u00e1 prevista uma cena (*) onde Fanny briga com seu pai, por ele ter preferido passar um final de semana com Isabela do que com seus filhos. Fanny faz sua mala e escreve uma carta [&hellip;]<\/p>\n","protected":false},"author":2,"featured_media":82119,"comment_status":"open","ping_status":"closed","sticky":false,"template":"","format":"standard","meta":{"tdm_status":"","tdm_grid_status":"","footnotes":""},"categories":[379,372,343],"tags":[],"class_list":{"0":"post-82242","1":"post","2":"type-post","3":"status-publish","4":"format-standard","5":"has-post-thumbnail","7":"category-novelas","8":"category-sbt","9":"category-televisao"},"_links":{"self":[{"href":"https:\/\/migracao.redenoticia.com.br\/noticia\/wp-json\/wp\/v2\/posts\/82242","targetHints":{"allow":["GET"]}}],"collection":[{"href":"https:\/\/migracao.redenoticia.com.br\/noticia\/wp-json\/wp\/v2\/posts"}],"about":[{"href":"https:\/\/migracao.redenoticia.com.br\/noticia\/wp-json\/wp\/v2\/types\/post"}],"author":[{"embeddable":true,"href":"https:\/\/migracao.redenoticia.com.br\/noticia\/wp-json\/wp\/v2\/users\/2"}],"replies":[{"embeddable":true,"href":"https:\/\/migracao.redenoticia.com.br\/noticia\/wp-json\/wp\/v2\/comments?post=82242"}],"version-history":[{"count":0,"href":"https:\/\/migracao.redenoticia.com.br\/noticia\/wp-json\/wp\/v2\/posts\/82242\/revisions"}],"wp:featuredmedia":[{"embeddable":true,"href":"https:\/\/migracao.redenoticia.com.br\/noticia\/wp-json\/wp\/v2\/media\/82119"}],"wp:attachment":[{"href":"https:\/\/migracao.redenoticia.com.br\/noticia\/wp-json\/wp\/v2\/media?parent=82242"}],"wp:term":[{"taxonomy":"category","embeddable":true,"href":"https:\/\/migracao.redenoticia.com.br\/noticia\/wp-json\/wp\/v2\/categories?post=82242"},{"taxonomy":"post_tag","embeddable":true,"href":"https:\/\/migracao.redenoticia.com.br\/noticia\/wp-json\/wp\/v2\/tags?post=82242"}],"curies":[{"name":"wp","href":"https:\/\/api.w.org\/{rel}","templated":true}]}}