{"id":82250,"date":"2016-03-11T17:08:47","date_gmt":"2016-03-11T20:08:47","guid":{"rendered":"http:\/\/www.redenoticia.com.br\/noticia\/?p=82250"},"modified":"2016-03-11T17:08:47","modified_gmt":"2016-03-11T20:08:47","slug":"novela-chamas-da-vida-resumo-1403-pedro-encontra-lipe","status":"publish","type":"post","link":"https:\/\/migracao.redenoticia.com.br\/noticia\/2016\/novela-chamas-da-vida-resumo-1403-pedro-encontra-lipe\/82250","title":{"rendered":"Novela \u201cChamas da Vida\u201d resumo 14\/03: Pedro encontra Lipe"},"content":{"rendered":"<p> <img loading=\"lazy\" decoding=\"async\" class=\"alignleft size-thumbnail wp-image-82020\" src=\"https:\/\/migracao.redenoticia.com.br\/noticia\/imagens\/chamas_da_vida_resumo_novela-150x112.jpeg\" alt=\"chamas_da_vida_resumo_novela\" width=\"150\" height=\"112\" \/><strong><em>Novela \u201cChamas da Vida\u201d resumo 14\/03<\/em><\/strong>: no meio da mata, Pedro encontra e segue as pegadas de Lipe. No capitulo 096, segunda-feira, 14 de mar\u00e7o, est\u00e1 prevista uma cena (*) onde Pedro avista Lipe, corre e trope\u00e7a em uma armadilha. Enquanto isso, Lipe avista Pedro e foge. Pedro se recupera, corre atr\u00e1s de Lipe e consegue agarr\u00e1-lo. Lipe diz para ele n\u00e3o o machucar, mas Pedro garante que vai mat\u00e1-lo.<\/p>\n<p>No capitulo 096, novela \u201cChamas da Vida\u201d, segunda-feira, 14 de mar\u00e7o &#8211; Pedro n\u00e3o desiste de procurar por Lipe. Carla e Suelen choram a morte de Andr\u00e9. Eurico diz que ele morreu como um her\u00f3i. Caz\u00e9 diz para Carolina que Pedro ficou na reserva para encontrar Lipe. Andressa diz para Roberto e Docinho que est\u00e1 agoniada com o sumi\u00e7o de Demoro. Demoro, preso no barraco, pede socorro. Lipe dorme escondido no meio da mata e tem alucina\u00e7\u00f5es com Vivi. Lipe acorda desesperado e sai correndo. Ele esquece os \u00f3culos. <\/p>\n<p>Pedro segue as pegadas de Lipe. Guilherme pergunta para Docinho se ela tem algum amigo com Aids. Docinho estranha a pergunta e diz que hoje n\u00e3o existe mais grupo de risco, mas sim comportamentos de risco. Docinho diz que transar sem camisinha \u00e9 um comportamento de risco. Guilherme fica sem gra\u00e7a. Docinho pergunta se Guilherme tem HIV. Pedro encontra o lugar onde Lipe passou a noite e avisa, pelo r\u00e1dio, para Eurico. Guilherme diz para Docinho que nunca imaginou que iria acontecer com ele. <\/p>\n<p>Docinho diz para ele se acalmar. Docinho diz para Guilherme que ele tem o dever de contar tudo para Michele. Os jornalistas chegam na reserva e perguntam para Eurico o que est\u00e1 acontecendo. Vilma assiste pela televis\u00e3o a busca por Lipe. Vilma liga para Miguel. Ela pergunta se ele est\u00e1 envolvido na busca de Lipe. Ele se irrita e desliga o telefone. Pedro avista Lipe. Pedro corre, mas trope\u00e7a em uma armadilha. Lipe avista Pedro e corre. Pedro corre atr\u00e1s de Lipe e consegue agarr\u00e1-lo. Lipe diz para ele n\u00e3o o machucar. Pedro diz que vai mat\u00e1-lo.<\/p>\n<p>(*) edi\u00e7\u00e3o da Rede Record, Novela \u201cChamas da Vida\u201d, sujeito a altera\u00e7\u00e3o de data e conte\u00fado.<\/p>\n","protected":false},"excerpt":{"rendered":"<p>Novela \u201cChamas da Vida\u201d resumo 14\/03: no meio da mata, Pedro encontra e segue as pegadas de Lipe. No capitulo 096, segunda-feira, 14 de mar\u00e7o, est\u00e1 prevista uma cena (*) onde Pedro avista Lipe, corre e trope\u00e7a em uma armadilha. Enquanto isso, Lipe avista Pedro e foge. Pedro se recupera, corre atr\u00e1s de Lipe e [&hellip;]<\/p>\n","protected":false},"author":2,"featured_media":82020,"comment_status":"open","ping_status":"closed","sticky":false,"template":"","format":"standard","meta":{"tdm_status":"","tdm_grid_status":"","footnotes":""},"categories":[379,371,343],"tags":[],"class_list":{"0":"post-82250","1":"post","2":"type-post","3":"status-publish","4":"format-standard","5":"has-post-thumbnail","7":"category-novelas","8":"category-rede-record","9":"category-televisao"},"_links":{"self":[{"href":"https:\/\/migracao.redenoticia.com.br\/noticia\/wp-json\/wp\/v2\/posts\/82250","targetHints":{"allow":["GET"]}}],"collection":[{"href":"https:\/\/migracao.redenoticia.com.br\/noticia\/wp-json\/wp\/v2\/posts"}],"about":[{"href":"https:\/\/migracao.redenoticia.com.br\/noticia\/wp-json\/wp\/v2\/types\/post"}],"author":[{"embeddable":true,"href":"https:\/\/migracao.redenoticia.com.br\/noticia\/wp-json\/wp\/v2\/users\/2"}],"replies":[{"embeddable":true,"href":"https:\/\/migracao.redenoticia.com.br\/noticia\/wp-json\/wp\/v2\/comments?post=82250"}],"version-history":[{"count":0,"href":"https:\/\/migracao.redenoticia.com.br\/noticia\/wp-json\/wp\/v2\/posts\/82250\/revisions"}],"wp:featuredmedia":[{"embeddable":true,"href":"https:\/\/migracao.redenoticia.com.br\/noticia\/wp-json\/wp\/v2\/media\/82020"}],"wp:attachment":[{"href":"https:\/\/migracao.redenoticia.com.br\/noticia\/wp-json\/wp\/v2\/media?parent=82250"}],"wp:term":[{"taxonomy":"category","embeddable":true,"href":"https:\/\/migracao.redenoticia.com.br\/noticia\/wp-json\/wp\/v2\/categories?post=82250"},{"taxonomy":"post_tag","embeddable":true,"href":"https:\/\/migracao.redenoticia.com.br\/noticia\/wp-json\/wp\/v2\/tags?post=82250"}],"curies":[{"name":"wp","href":"https:\/\/api.w.org\/{rel}","templated":true}]}}