{"id":82256,"date":"2016-03-11T17:15:11","date_gmt":"2016-03-11T20:15:11","guid":{"rendered":"http:\/\/www.redenoticia.com.br\/noticia\/?p=82256"},"modified":"2016-03-11T17:15:11","modified_gmt":"2016-03-11T20:15:11","slug":"novela-malhacao-resumo-1403-monique-e-vanda-casamento-dos-filhos","status":"publish","type":"post","link":"https:\/\/migracao.redenoticia.com.br\/noticia\/2016\/novela-malhacao-resumo-1403-monique-e-vanda-casamento-dos-filhos\/82256","title":{"rendered":"Novela \u201cMalha\u00e7\u00e3o\u201d resumo 14\/03: Monique e Vanda casamento dos filhos"},"content":{"rendered":"<p> <img loading=\"lazy\" decoding=\"async\" class=\"alignleft size-thumbnail wp-image-72511\" src=\"https:\/\/migracao.redenoticia.com.br\/noticia\/imagens\/malhacao_seu_lugar_no_mundo-150x112.jpg\" alt=\"malhacao_seu_lugar_no_mundo\" width=\"150\" height=\"112\" srcset=\"https:\/\/migracao.redenoticia.com.br\/noticia\/imagens\/malhacao_seu_lugar_no_mundo-150x112.jpg 150w, https:\/\/migracao.redenoticia.com.br\/noticia\/imagens\/malhacao_seu_lugar_no_mundo-265x198.jpg 265w\" sizes=\"auto, (max-width: 150px) 100vw, 150px\" \/><strong><em>Novela \u201cMalha\u00e7\u00e3o\u201d resumo 14\/03<\/em><\/strong>: o casamento de Uodson e Alina est\u00e1 pr\u00f3ximo. No cap\u00edtulo 150, segunda-feira, 14 de mar\u00e7o, est\u00e1 prevista uma cena (*) onde Tito quer promover uma despedida de solteiro para Uodson, e Alina n\u00e3o gosta muito. Enquanto isso, Monique e Vanda apoiam os filhos na prepara\u00e7\u00e3o do casamento. No pr\u00f3ximo cap\u00edtulo, Alina diz a Uodson que deseja um anel de noivado.<\/p>\n<p>No capitulo 150, novela \u201cMalha\u00e7\u00e3o\u201d, segunda-feira, 14 de mar\u00e7o &#8211; Samurai despista Tito, Luan, Luciana e J\u00e9ssica e garante que descobrir\u00e1 informa\u00e7\u00f5es sobre Pedro na comunidade. Rodrigo dan\u00e7a com Fl\u00e1via na festa do batizado de Rodriguinho.<\/p>\n<p>L\u00edvia agradece o apoio de Beto. Sueli e Jorge repreendem Luciana por ter ido \u00e0 comunidade. Tito pensa em promover uma despedida de solteiro para Uodson, e Alina se incomoda. Monique e Vanda apoiam Alina e Uodson na prepara\u00e7\u00e3o do casamento.<\/p>\n<p>Nanda revela a Filipe que se matriculou em uma autoescola. Arthur revira o lixo de J\u00falia, e ela desconfia. Samurai revela a Tito que Pedro est\u00e1 vivo. Rodrigo questiona o comportamento de Luciana.<\/p>\n<p>(*) edi\u00e7\u00e3o da Rede Globo, Novela \u201cMalha\u00e7\u00e3o\u201d, sujeito a altera\u00e7\u00e3o de data e conte\u00fado.<\/p>\n","protected":false},"excerpt":{"rendered":"<p>Novela \u201cMalha\u00e7\u00e3o\u201d resumo 14\/03: o casamento de Uodson e Alina est\u00e1 pr\u00f3ximo. No cap\u00edtulo 150, segunda-feira, 14 de mar\u00e7o, est\u00e1 prevista uma cena (*) onde Tito quer promover uma despedida de solteiro para Uodson, e Alina n\u00e3o gosta muito. Enquanto isso, Monique e Vanda apoiam os filhos na prepara\u00e7\u00e3o do casamento. No pr\u00f3ximo cap\u00edtulo, Alina [&hellip;]<\/p>\n","protected":false},"author":2,"featured_media":72511,"comment_status":"open","ping_status":"closed","sticky":false,"template":"","format":"standard","meta":{"tdm_status":"","tdm_grid_status":"","footnotes":""},"categories":[379,375,343],"tags":[],"class_list":{"0":"post-82256","1":"post","2":"type-post","3":"status-publish","4":"format-standard","5":"has-post-thumbnail","7":"category-novelas","8":"category-rede-globo","9":"category-televisao"},"_links":{"self":[{"href":"https:\/\/migracao.redenoticia.com.br\/noticia\/wp-json\/wp\/v2\/posts\/82256","targetHints":{"allow":["GET"]}}],"collection":[{"href":"https:\/\/migracao.redenoticia.com.br\/noticia\/wp-json\/wp\/v2\/posts"}],"about":[{"href":"https:\/\/migracao.redenoticia.com.br\/noticia\/wp-json\/wp\/v2\/types\/post"}],"author":[{"embeddable":true,"href":"https:\/\/migracao.redenoticia.com.br\/noticia\/wp-json\/wp\/v2\/users\/2"}],"replies":[{"embeddable":true,"href":"https:\/\/migracao.redenoticia.com.br\/noticia\/wp-json\/wp\/v2\/comments?post=82256"}],"version-history":[{"count":0,"href":"https:\/\/migracao.redenoticia.com.br\/noticia\/wp-json\/wp\/v2\/posts\/82256\/revisions"}],"wp:featuredmedia":[{"embeddable":true,"href":"https:\/\/migracao.redenoticia.com.br\/noticia\/wp-json\/wp\/v2\/media\/72511"}],"wp:attachment":[{"href":"https:\/\/migracao.redenoticia.com.br\/noticia\/wp-json\/wp\/v2\/media?parent=82256"}],"wp:term":[{"taxonomy":"category","embeddable":true,"href":"https:\/\/migracao.redenoticia.com.br\/noticia\/wp-json\/wp\/v2\/categories?post=82256"},{"taxonomy":"post_tag","embeddable":true,"href":"https:\/\/migracao.redenoticia.com.br\/noticia\/wp-json\/wp\/v2\/tags?post=82256"}],"curies":[{"name":"wp","href":"https:\/\/api.w.org\/{rel}","templated":true}]}}