{"id":82258,"date":"2016-03-11T17:17:27","date_gmt":"2016-03-11T20:17:27","guid":{"rendered":"http:\/\/www.redenoticia.com.br\/noticia\/?p=82258"},"modified":"2016-03-11T17:17:27","modified_gmt":"2016-03-11T20:17:27","slug":"novela-eta-mundo-bom-resumo-1403-sandra-explica-golpe-a-ernesto","status":"publish","type":"post","link":"https:\/\/migracao.redenoticia.com.br\/noticia\/2016\/novela-eta-mundo-bom-resumo-1403-sandra-explica-golpe-a-ernesto\/82258","title":{"rendered":"Novela \u201cEta Mundo Bom\u201d resumo 14\/03: Sandra explica golpe a Ernesto"},"content":{"rendered":"<p> <img loading=\"lazy\" decoding=\"async\" class=\"alignleft size-thumbnail wp-image-82131\" src=\"https:\/\/migracao.redenoticia.com.br\/noticia\/imagens\/eta_mundo_bom_globo_novela_resumo-150x112.jpg\" alt=\"eta_mundo_bom_globo_novela_resumo\" width=\"150\" height=\"112\" srcset=\"https:\/\/migracao.redenoticia.com.br\/noticia\/imagens\/eta_mundo_bom_globo_novela_resumo-150x112.jpg 150w, https:\/\/migracao.redenoticia.com.br\/noticia\/imagens\/eta_mundo_bom_globo_novela_resumo-265x198.jpg 265w\" sizes=\"auto, (max-width: 150px) 100vw, 150px\" \/><strong><em>Novela \u201cEta Mundo Bom\u201d resumo 14\/03<\/em><\/strong>: Sandra d\u00e1 in\u00edcio ao seu plano para enganar Anast\u00e1cia. No cap\u00edtulo 049, segunda-feira, 14 de mar\u00e7o, est\u00e1 prevista uma cena (*) onde Sandra explica para Ernesto e Celso que o pintor vai se passar por Candinho para enganar sua tia Anast\u00e1cia. No pr\u00f3ximo cap\u00edtulo, Sandra diz para a tia que vai presente\u00e1-la com um retrato e que elas v\u00e3o selecionar o artista. A inten\u00e7\u00e3o de Sandra \u00e9 que Anast\u00e1cia reconhe\u00e7a o medalh\u00e3o de Candinho, que estar\u00e1 no pesco\u00e7o de Ernesto.<\/p>\n<p>No capitulo 049, novela \u201cEta Mundo Bom\u201d, segunda-feira, 14 de mar\u00e7o &#8211; Sandra explica que Ernesto se passar\u00e1 por Candinho para enganar Anast\u00e1cia. Candinho se declara mais uma vez para Filomena, que decide evitar novos encontros com o rapaz.<\/p>\n<p>Pancr\u00e1cio aconselha Romeu a ostentar sua riqueza para a fam\u00edlia de seu amor. Cunegundes tenta aproximar Mafalda de Ismael. Maria comenta com Anast\u00e1cia sua afei\u00e7\u00e3o por Celso.<\/p>\n<p>Paulina afirma a Clarice que Fragoso deseja se casar com Filomena. Braz observa Diana e Severo juntos. Ana sente uma forte dor no peito. Sandra inicia seu plano para enganar Anast\u00e1cia.<\/p>\n<p>(*) edi\u00e7\u00e3o da Rede Globo, Novela \u201cEta Mundo Bom\u201d, sujeito a altera\u00e7\u00e3o de data e conte\u00fado. <\/p>\n","protected":false},"excerpt":{"rendered":"<p>Novela \u201cEta Mundo Bom\u201d resumo 14\/03: Sandra d\u00e1 in\u00edcio ao seu plano para enganar Anast\u00e1cia. No cap\u00edtulo 049, segunda-feira, 14 de mar\u00e7o, est\u00e1 prevista uma cena (*) onde Sandra explica para Ernesto e Celso que o pintor vai se passar por Candinho para enganar sua tia Anast\u00e1cia. No pr\u00f3ximo cap\u00edtulo, Sandra diz para a tia [&hellip;]<\/p>\n","protected":false},"author":2,"featured_media":82131,"comment_status":"open","ping_status":"closed","sticky":false,"template":"","format":"standard","meta":{"tdm_status":"","tdm_grid_status":"","footnotes":""},"categories":[379,375,343],"tags":[],"class_list":{"0":"post-82258","1":"post","2":"type-post","3":"status-publish","4":"format-standard","5":"has-post-thumbnail","7":"category-novelas","8":"category-rede-globo","9":"category-televisao"},"_links":{"self":[{"href":"https:\/\/migracao.redenoticia.com.br\/noticia\/wp-json\/wp\/v2\/posts\/82258","targetHints":{"allow":["GET"]}}],"collection":[{"href":"https:\/\/migracao.redenoticia.com.br\/noticia\/wp-json\/wp\/v2\/posts"}],"about":[{"href":"https:\/\/migracao.redenoticia.com.br\/noticia\/wp-json\/wp\/v2\/types\/post"}],"author":[{"embeddable":true,"href":"https:\/\/migracao.redenoticia.com.br\/noticia\/wp-json\/wp\/v2\/users\/2"}],"replies":[{"embeddable":true,"href":"https:\/\/migracao.redenoticia.com.br\/noticia\/wp-json\/wp\/v2\/comments?post=82258"}],"version-history":[{"count":0,"href":"https:\/\/migracao.redenoticia.com.br\/noticia\/wp-json\/wp\/v2\/posts\/82258\/revisions"}],"wp:featuredmedia":[{"embeddable":true,"href":"https:\/\/migracao.redenoticia.com.br\/noticia\/wp-json\/wp\/v2\/media\/82131"}],"wp:attachment":[{"href":"https:\/\/migracao.redenoticia.com.br\/noticia\/wp-json\/wp\/v2\/media?parent=82258"}],"wp:term":[{"taxonomy":"category","embeddable":true,"href":"https:\/\/migracao.redenoticia.com.br\/noticia\/wp-json\/wp\/v2\/categories?post=82258"},{"taxonomy":"post_tag","embeddable":true,"href":"https:\/\/migracao.redenoticia.com.br\/noticia\/wp-json\/wp\/v2\/tags?post=82258"}],"curies":[{"name":"wp","href":"https:\/\/api.w.org\/{rel}","templated":true}]}}