{"id":8226,"date":"2009-08-11T13:48:34","date_gmt":"2009-08-11T17:48:34","guid":{"rendered":"http:\/\/www.redenoticia.com.br\/noticia\/?p=8226"},"modified":"2009-08-11T13:56:05","modified_gmt":"2009-08-11T17:56:05","slug":"clima-tempo-frente-fria-mudou-o-tempo-no-rrio-de-janeiro","status":"publish","type":"post","link":"https:\/\/migracao.redenoticia.com.br\/noticia\/2009\/clima-tempo-frente-fria-mudou-o-tempo-no-rrio-de-janeiro\/8226","title":{"rendered":"Clima tempo &#8211; Frente fria mudou o tempo no Rio de Janeiro"},"content":{"rendered":"<p>Amanh\u00e3, o sol volta a aparecer na cidade, prev\u00ea a meteorologia da Climatempo. Depois de uma segunda-feira muito quente (a m\u00e1xima chegou a 34,6\u00b0C), uma frente fria come\u00e7a a mudar o tempo na cidade do Rio de Janeiro. Hoje, com a presen\u00e7a da frente fria, o c\u00e9u fica nublado e h\u00e1 previs\u00e3o de chuva no decorrer do dia. A temperatura cai muito e a m\u00e1xima prevista \u00e9 de apenas 23\u00baC. Na quarta-feira, o tempo volta a ficar seco no Rio de Janeiro e n\u00e3o h\u00e1 previs\u00e3o de chuva, pelo menos, at\u00e9 domingo.\u00a0<\/p>\n<p>Rajadas de vento &#8211; Ontem, no fim da tarde, o aeroporto Santos Dumont registrou fortes rajadas de vento de at\u00e9 68 km\/h. No forte de Copacabana, na zona sul da capital fluminense, a velocidade do vento chegou a 82 km\/h, de acordo com as medi\u00e7\u00f5es da esta\u00e7\u00e3o meteorol\u00f3gica autom\u00e1tica do Instituto Nacional de Meteorologia.<\/p>\n<p>Sobre o Grupo Climatempo<\/p>\n<p>O Grupo Climatempo \u00e9 a maior empresa privada de meteorologia do pa\u00eds. Uma holding formada pela Climatempo Consultoria, Ag\u00eancia Climatempo, a TV Climatempo e a CLIMANET (Internet, servi\u00e7os de tecnologia e inform\u00e1tica). Atualmente, o Grupo Climatempo fornece conte\u00fado para os principais portais do pa\u00eds, mais de 50 retransmissoras de televis\u00e3o do Brasil, r\u00e1dios e tem cerca de mil clientes. Os dois principais segmentos atendidos s\u00e3o o de agroneg\u00f3cios e meios de comunica\u00e7\u00e3o. Al\u00e9m destes, fornece conte\u00fado meteorol\u00f3gico estrat\u00e9gico para produtoras, a ind\u00fastria eletroeletr\u00f4nica e t\u00eaxtil, com\u00e9rcio, moda e turismo, constru\u00e7\u00e3o civil, setor de energia, entre outros setores.<\/p>\n","protected":false},"excerpt":{"rendered":"<p>Amanh\u00e3, o sol volta a aparecer na cidade, prev\u00ea a meteorologia da Climatempo. Depois de uma segunda-feira muito quente (a m\u00e1xima chegou a 34,6\u00b0C), uma frente fria come\u00e7a a mudar o tempo na cidade do Rio de Janeiro. Hoje, com a presen\u00e7a da frente fria, o c\u00e9u fica nublado e h\u00e1 previs\u00e3o de chuva no [&hellip;]<\/p>\n","protected":false},"author":3,"featured_media":0,"comment_status":"open","ping_status":"open","sticky":false,"template":"","format":"standard","meta":{"tdm_status":"","tdm_grid_status":"","footnotes":""},"categories":[22,327],"tags":[],"class_list":{"0":"post-8226","1":"post","2":"type-post","3":"status-publish","4":"format-standard","6":"category-brasil","7":"category-clima"},"_links":{"self":[{"href":"https:\/\/migracao.redenoticia.com.br\/noticia\/wp-json\/wp\/v2\/posts\/8226","targetHints":{"allow":["GET"]}}],"collection":[{"href":"https:\/\/migracao.redenoticia.com.br\/noticia\/wp-json\/wp\/v2\/posts"}],"about":[{"href":"https:\/\/migracao.redenoticia.com.br\/noticia\/wp-json\/wp\/v2\/types\/post"}],"author":[{"embeddable":true,"href":"https:\/\/migracao.redenoticia.com.br\/noticia\/wp-json\/wp\/v2\/users\/3"}],"replies":[{"embeddable":true,"href":"https:\/\/migracao.redenoticia.com.br\/noticia\/wp-json\/wp\/v2\/comments?post=8226"}],"version-history":[{"count":0,"href":"https:\/\/migracao.redenoticia.com.br\/noticia\/wp-json\/wp\/v2\/posts\/8226\/revisions"}],"wp:attachment":[{"href":"https:\/\/migracao.redenoticia.com.br\/noticia\/wp-json\/wp\/v2\/media?parent=8226"}],"wp:term":[{"taxonomy":"category","embeddable":true,"href":"https:\/\/migracao.redenoticia.com.br\/noticia\/wp-json\/wp\/v2\/categories?post=8226"},{"taxonomy":"post_tag","embeddable":true,"href":"https:\/\/migracao.redenoticia.com.br\/noticia\/wp-json\/wp\/v2\/tags?post=8226"}],"curies":[{"name":"wp","href":"https:\/\/api.w.org\/{rel}","templated":true}]}}